{"id":10641,"date":"2023-01-10T15:57:05","date_gmt":"2023-01-10T15:57:05","guid":{"rendered":"https:\/\/modalisboa.pt\/sem-categoria\/european-fashion-alliance\/"},"modified":"2026-01-14T12:40:12","modified_gmt":"2026-01-14T12:40:12","slug":"european-fashion-alliance","status":"publish","type":"post","link":"https:\/\/modalisboa.pt\/en\/news\/european-fashion-alliance\/","title":{"rendered":"EUROPEAN FASHION ALLIANCE"},"content":{"rendered":"<p>[et_pb_section fb_built=&#8221;1&#8243; admin_label=&#8221;Header&#8221; _builder_version=&#8221;4.16&#8243; _module_preset=&#8221;default&#8221; custom_padding=&#8221;0px||0px||false|false&#8221; da_disable_devices=&#8221;off|off|off&#8221; locked=&#8221;off&#8221; global_colors_info=&#8221;{}&#8221; da_is_popup=&#8221;off&#8221; da_exit_intent=&#8221;off&#8221; da_has_close=&#8221;on&#8221; da_alt_close=&#8221;off&#8221; da_dark_close=&#8221;off&#8221; da_not_modal=&#8221;on&#8221; da_is_singular=&#8221;off&#8221; da_with_loader=&#8221;off&#8221; da_has_shadow=&#8221;on&#8221;][et_pb_row _builder_version=&#8221;4.16&#8243; _module_preset=&#8221;default&#8221; width=&#8221;100%&#8221; max_width=&#8221;2560px&#8221; custom_padding=&#8221;0px||0px||false|false&#8221; global_colors_info=&#8221;{}&#8221;][et_pb_column type=&#8221;4_4&#8243; _builder_version=&#8221;4.16&#8243; _module_preset=&#8221;default&#8221; global_colors_info=&#8221;{}&#8221;][et_pb_slider _builder_version=&#8221;4.19.0&#8243; _module_preset=&#8221;fdf34095-bc39-43c6-98b5-b76e816b2824&#8243; global_colors_info=&#8221;{}&#8221;][et_pb_slide _builder_version=&#8221;4.19.0&#8243; _module_preset=&#8221;default&#8221; header_text_color=&#8221;RGBA(255,255,255,0)&#8221; body_font=&#8221;Inter||||||||&#8221; body_text_align=&#8221;left&#8221; body_text_color=&#8221;RGBA(255,255,255,0)&#8221; body_font_size=&#8221;20px&#8221; background_enable_color=&#8221;off&#8221; background_color_gradient_start=&#8221;rgba(0,0,0,0.22)&#8221; background_color_gradient_end=&#8221;rgba(0,0,0,0.22)&#8221; background_image=&#8221;https:\/\/modalisboa.pt\/wp-content\/uploads\/2023\/02\/european_fashion_alliance.jpg&#8221; background_enable_image=&#8221;on&#8221; background_position=&#8221;top_center&#8221; background_enable_video_mp4=&#8221;off&#8221; button_alignment=&#8221;left&#8221; custom_css_slide_button=&#8221;pointer-events: none;&#8221; global_colors_info=&#8221;{}&#8221; sticky_transition=&#8221;on&#8221;][\/et_pb_slide][\/et_pb_slider][\/et_pb_column][\/et_pb_row][\/et_pb_section][et_pb_section fb_built=&#8221;1&#8243; admin_label=&#8221;New&#8221; _builder_version=&#8221;4.19.0&#8243; _module_preset=&#8221;default&#8221; custom_padding=&#8221;0px||0px||false|false&#8221; da_disable_devices=&#8221;off|off|off&#8221; global_colors_info=&#8221;{}&#8221; da_is_popup=&#8221;off&#8221; da_exit_intent=&#8221;off&#8221; da_has_close=&#8221;on&#8221; da_alt_close=&#8221;off&#8221; da_dark_close=&#8221;off&#8221; da_not_modal=&#8221;on&#8221; da_is_singular=&#8221;off&#8221; da_with_loader=&#8221;off&#8221; da_has_shadow=&#8221;on&#8221;][et_pb_row _builder_version=&#8221;4.16&#8243; _module_preset=&#8221;default&#8221; width=&#8221;70%&#8221; width_tablet=&#8221;85%&#8221; width_phone=&#8221;85%&#8221; width_last_edited=&#8221;on|phone&#8221; max_width=&#8221;2560px&#8221; custom_margin=&#8221;50px||||false|false&#8221; custom_padding=&#8221;||||false|true&#8221; custom_css_main_element=&#8221;||&#8221; locked=&#8221;off&#8221; global_colors_info=&#8221;{}&#8221;][et_pb_column type=&#8221;4_4&#8243; _builder_version=&#8221;4.16&#8243; _module_preset=&#8221;default&#8221; background_color=&#8221;RGBA(255,255,255,0)&#8221; custom_css_main_element=&#8221;width: 100%!important;&#8221; global_colors_info=&#8221;{}&#8221;][et_pb_text admin_label=&#8221;T\u00edtulo %91Autom\u00e1tico%93&#8243; _builder_version=&#8221;4.19.0&#8243; _dynamic_attributes=&#8221;content&#8221; _module_preset=&#8221;ffb3d2c3-4648-4e86-8f79-a4a74e1e4db3&#8243; locked=&#8221;off&#8221; global_colors_info=&#8221;{}&#8221;]@ET-DC@eyJkeW5hbWljIjp0cnVlLCJjb250ZW50IjoicG9zdF90aXRsZSIsInNldHRpbmdzIjp7ImJlZm9yZSI6IiIsImFmdGVyIjoiIn19@[\/et_pb_text][et_pb_text admin_label=&#8221;Categorias %91Manual%93&#8243; _builder_version=&#8221;4.19.5&#8243; _module_preset=&#8221;af543a65-a510-4d5a-bd0e-f29b21297a1d&#8221; text_font_size=&#8221;20px&#8221; custom_margin=&#8221;10px||10px||false|false&#8221; global_colors_info=&#8221;{}&#8221;]<\/p>\n<p>European Fashion Alliance, ModaLisboa, Fashion, Sustainability<\/p>\n<p>[\/et_pb_text][et_pb_text admin_label=&#8221;Data de Publica\u00e7\u00e3o %91Autom\u00e1tico%93&#8243; _builder_version=&#8221;4.16&#8243; _dynamic_attributes=&#8221;content&#8221; _module_preset=&#8221;d2dc128f-cae5-47f5-9811-47f798050d09&#8243; global_colors_info=&#8221;{}&#8221;]@ET-DC@eyJkeW5hbWljIjp0cnVlLCJjb250ZW50IjoicG9zdF9kYXRlIiwic2V0dGluZ3MiOnsiYmVmb3JlIjoiIiwiYWZ0ZXIiOiIiLCJkYXRlX2Zvcm1hdCI6ImRlZmF1bHQiLCJjdXN0b21fZGF0ZV9mb3JtYXQiOiIifX0=@[\/et_pb_text][et_pb_text admin_label=&#8221;Conte\u00fado&#8221; _builder_version=&#8221;4.19.0&#8243; _module_preset=&#8221;af543a65-a510-4d5a-bd0e-f29b21297a1d&#8221; header_3_font=&#8221;Inter|700|||||||&#8221; custom_margin=&#8221;30px||15px||false|false&#8221; locked=&#8221;off&#8221; global_colors_info=&#8221;{}&#8221;]<\/p>\n<h3><strong>Time for a prosperous creative-driven future of Fashion<\/strong><\/h3>\n<p><em><br \/>Greener, more innovative, more creative \u2013 at the first summit on Gran Canaria, the members of the European Fashion Association \u201cEFA\u201d put together a package of measures and actions for a sustainable and inclusive future of the European fashion industry.<\/em><\/p>\n<p>At the invitation of the Gran Canarian fashion network Moda Calida and the local authority Cabildo de Gran Canaria, the members of the\u00a0<a href=\"https:\/\/www.europeanfashionalliance.org\/\" target=\"_blank\" rel=\"noopener\">European Fashion Alliance<\/a>\u00a0(EFA), founded in Frankfurt in June 2022, gathered in Maspalomas on October 19 and 20 during the Gran Canaria Swim Week \u2013 the only European Swim Wear Week &#8211; for their first summit.<\/p>\n<p>The aim of the summit of 59 representatives from 23 European countries was to discuss and agree on a package of measures and actions that can support and promote the necessary transformation process in the fashion industry in Europe. The alliance, which consists of 29 member organizations, including numerous fashion councils, fashion weeks, research and educational institutions, represents more than 10,000 European companies in the fashion sector, ranging from micro-enterprises to large corporations.<\/p>\n<p>One of the main topics during the meeting was the \u201cGreen Deal\u201d formulated by the European Union in 2019 by Commission President Ursula von der Leyen to reduce net emissions of greenhouse gases to zero by 2050, to which the fashion industry must also urgently contribute, according to the commitment of the EFA. Because the CO\u2082- and environmentally destructive footprint from textile production and fashion consumption is still huge.<\/p>\n<p>The European Fashion Alliance aims to contribute significantly to achieving a CO2-neutral, environmentally sustainable, non-toxic and completely circular textile industry and to raise and sensitise the awareness of fashion producers, designers and consumers.<\/p>\n<p>To this end, four pillars on which the targeted measures are to be based were defined during the meeting in Gran Canaria: sustainability, education, politics and innovation.<\/p>\n<p>The European Fashion Alliance believes that sustainability and digital transformation, together with education and labor market measures, will be the drivers for the fashion industry to make textiles more durable, repairable, reusable and recyclable. To accelerate this transition process, EFA will therefor also focus on the cross-cultural exchanges and interactions between creatives and support young talents as drivers of change through actions, research and campaigning.<\/p>\n<p><strong>Joana Jorge, Project Manager at ModaLisboa, says &#8220;for independent Fashion Weeks it is important to find a niche, based on creativity and authenticity, which creates real interest for our guests. As we did in line with the dynamics of Lisbon&#8221;.<\/strong><\/p>\n<p>For the period from 2023 to 2027, the European Fashion Alliance translates this belief into\u00a0<strong>four main objectives<\/strong>\u00a0based on the four defined pillars:<\/p>\n<p>1. Definition of an <strong>ethical, social and sustainable code<\/strong> of conduct for EFA members and by extension for the fashion industry.<\/p>\n<p>2. A new <strong>Green Deal<\/strong> for fashion at European level representing fashion culture and business, founded on a European-based circular and social fashion eco-system based on shared data and a shared measurement data system.<\/p>\n<p>3. Creation and enforcing of <strong>sustainable and technological training and social &amp; cultural responsibility practices<\/strong> for EFA key stakeholders.<\/p>\n<p>4. <strong>Empowerment<\/strong> of Generation Z and the new generations as leading forces of value in digital, circular and social transition of the fashion industry.<\/p>\n<p>The members agree that the vision and objectives of the EFA must be translated into concrete action plans and policy frameworks within the next two to three years to drive change. This can only be achieved with a solid understanding of the needs and challenges of the fashion industry, especially the creative and design-oriented stakeholders.<\/p>\n<p><strong>Pascal Morand \u00a0from Federation de La Haute Couture et de La Mode says \u201cFashion goes beyond the market, it\u2019s about culture. We are in a market economy; it also concerns those who are not in the market to understand that creative fashion can play a sustainable engine role more globally\u201d.<\/strong><\/p>\n<p>For 2023, EFA will therefore launch a Europe-wide survey through its members to investigate the needs and challenges of micro, small, medium and large enterprises operating in the fashion and textile industry, as well as education and research-oriented and other industry-related stakeholders.<\/p>\n<p>The knowledge gained from this should enable EFA to create a priority-driven policy framework in response to the current legislation resulting from, amongst others, the European Strategy for Sustainable and Circular Textiles and the creation of new EU policies and programs to support fashion and creative industries. The aim is to give stakeholders a better understanding of European legislation \u2013 an area in which many creative entrepreneurs are still \u201clost in translation\u201d.<\/p>\n<p><strong>Dilys Williams from Center For Sustainable Fashion says \u201cWe should not only change the content of fashion, but also change the rules and goals of fashion. Fashion is often evaluated in economic terms by growth and numbers. But it is important to create value in cultural terms. To communicate what fashion can contribute to people&#8217;s well-being and what impact \u2013 positive and negative \u2013 it has on our society.\u201d<\/strong><\/p>\n<p>Moreover, EFA will actively involve and empower young talents and voices in a leading role within its organisation and its activities.<\/p>\n<p><strong><br \/>ABOUT EFA<\/strong><br \/>The\u00a0<a href=\"https:\/\/www.europeanfashionalliance.org\/\" target=\"_blank\" rel=\"noopener\">European Fashion Alliance\u00a0<\/a>is the first transnational alliance of European fashion institutions. It aims to promote a fertile, sustainable and inclusive ecosystem for European fashion. EFA acts as a strong collective voice advocating and accelerating the transition of European fashion to a more sustainable, innovative, inclusive and creative future.<\/p>\n<p>ASOCIACION CREADORES DE MODA DE ESPANA \u2013 AUSTRIAN FASHION ASSOCIATION \u2013 BALTIC FASHION FEDERATION \u2013 BRITISH FASHION COUNCIL \u2013 BULGARIAN FASHION ASSOCIATION \u2013 CAMERA NAZIONALE DELLA MODA ITALIANA \u2013 CENTER FOR SUSTAINABLE FASHION \u2013 COPENHAGEN FASHION WEEK \u2013 COUNCIL OF FASHION DESIGNERS OF AMERICA \u2013 COUNCIL OF IRISH FASHION DESIGNERS \u2013 ESTONIAN ACADEMY OF ARTS \u2013 FASHION COUNCIL GERMANY \u2013 F\u00c9D\u00c9RATION DE LA HAUTE COUTURE ET DE LA MODE \u2013 F\u00c9D\u00c9RATION FRAN\u00c7AISE DU PR\u00caT \u00c0 PORTER F\u00c9MININ \u2013 FINNISH TEXTILE &amp; FASHION \u2013 FLANDERS DC &#8211; GLOBAL FASHION AGENDA \u2013 UNGARIAN FASHION DESIGN AGENCY \u2013 ISLANDIC FASHION COUNCIL &#8211; FAD \u2013 MODALISBOA \u2013 MODA CALIDA &#8211; MODE SUISSE \u2013 NORWEGIAN FASHION HUB \u2013 SKOPJE FASHION WEEKEND \u2013 SLOWAK FASHION COUNCIL \u2013 SWEDISH FASHION COUNCIL \u2013 TASKFORCE FASHION \u2013 THE PRINCE\u2019S FOUNDATION \u2013 WALLONIE-BRUXELLES DESIGN MODE.<\/p>\n<p>For interviews or further information, please contact:<\/p>\n<p><a href=\"mailto:press@europeanfashionalliance.org\">press@europeanfashionalliance.org<\/a><\/p>\n<p><a href=\"mailto:manuela.oliveira@modalisboa.pt\">manuela.oliveira@modalisboa.pt<\/a><\/p>\n<p><a href=\"https:\/\/www.europeanfashionalliance.org\/\" target=\"_blank\" rel=\"noopener\">www.europeanfashionalliance.org<\/a><\/p>\n<p><strong><br \/>About Gran Canaria Swim Week by Moda Calida<\/strong><br \/>Gran Canaria Moda C\u00e1lida is a program of actions in the fashion textile sector on the island of Gran Canaria, created and promoted by the Ministry of Industry, Commerce and Crafts of the Cabildo de Gran Canaria. Fashion is, for this institution, a growing sector with possibilities for industrial expansion and Gran Canaria Moda C\u00e1lida is the framework in which designers and companies support their projects. Gran Canaria Swim Week by Moda C\u00e1lida\u201c is the main banner of Gran Canaria Moda C\u00e1lida and thus the main event for swimwear fashion week which is the only professional one in the whole of Europe. Founded in 1996 on the initiative of the Department of Industry, Trade and Crafts of the Cabildo de Gran Canaria, they aim to promote Gran Canarian design as well as to support the growth of the local textile sector. The interest in the platform has since then grown exponentially to an outreach of more than 373 million people.<\/p>\n<p><a href=\"http:\/\/www.grancanariaswimweek.com\/\" target=\"_blank\" rel=\"noopener\">www.grancanariaswimweek.com<\/a><\/p>\n<p>&nbsp;<\/p>\n<p>[\/et_pb_text][\/et_pb_column][\/et_pb_row][\/et_pb_section][et_pb_section fb_built=&#8221;1&#8243; admin_label=&#8221;Related News&#8221; _builder_version=&#8221;4.16&#8243; _module_preset=&#8221;default&#8221; custom_padding=&#8221;0px||||false|false&#8221; da_disable_devices=&#8221;off|off|off&#8221; global_colors_info=&#8221;{}&#8221; da_is_popup=&#8221;off&#8221; da_exit_intent=&#8221;off&#8221; da_has_close=&#8221;on&#8221; da_alt_close=&#8221;off&#8221; da_dark_close=&#8221;off&#8221; da_not_modal=&#8221;on&#8221; da_is_singular=&#8221;off&#8221; da_with_loader=&#8221;off&#8221; da_has_shadow=&#8221;on&#8221;][et_pb_row _builder_version=&#8221;4.19.5&#8243; _module_preset=&#8221;default&#8221; width=&#8221;95%&#8221; width_tablet=&#8221;85%&#8221; width_phone=&#8221;85%&#8221; width_last_edited=&#8221;on|tablet&#8221; max_width=&#8221;2560px&#8221; custom_margin=&#8221;||25px||false|false&#8221; custom_padding=&#8221;0px||0px||true|true&#8221; locked=&#8221;off&#8221; global_colors_info=&#8221;{}&#8221;][et_pb_column type=&#8221;4_4&#8243; _builder_version=&#8221;4.19.5&#8243; _module_preset=&#8221;default&#8221; global_colors_info=&#8221;{}&#8221; custom_css_main_element_last_edited=&#8221;off|desktop&#8221; custom_css_main_element_tablet=&#8221;width: 50%!important;&#8221; custom_css_main_element_phone=&#8221;width: 65%!important;&#8221;][et_pb_text admin_label=&#8221;Related&#8221; _builder_version=&#8221;4.19.5&#8243; _module_preset=&#8221;af543a65-a510-4d5a-bd0e-f29b21297a1d&#8221; global_colors_info=&#8221;{}&#8221;]<\/p>\n<h2>RELATED<\/h2>\n<p>[\/et_pb_text][\/et_pb_column][\/et_pb_row][et_pb_row _builder_version=&#8221;4.16&#8243; _module_preset=&#8221;default&#8221; width=&#8221;95%&#8221; width_tablet=&#8221;85%&#8221; width_phone=&#8221;85%&#8221; width_last_edited=&#8221;on|tablet&#8221; max_width=&#8221;2560px&#8221; custom_padding=&#8221;0px||0px||true|false&#8221; locked=&#8221;off&#8221; global_colors_info=&#8221;{}&#8221;][et_pb_column type=&#8221;4_4&#8243; _builder_version=&#8221;4.16&#8243; _module_preset=&#8221;default&#8221; global_colors_info=&#8221;{}&#8221;][dsm_blog_carousel posts_number=&#8221;100&#8243; include_categories=&#8221;234&#8243; loop=&#8221;off&#8221; _builder_version=&#8221;4.27.4&#8243; _module_preset=&#8221;0e17602a-d383-450f-bb28-cf494f4e420d&#8221; hover_enabled=&#8221;0&#8243; global_colors_info=&#8221;{}&#8221; sticky_enabled=&#8221;0&#8243;][\/dsm_blog_carousel][\/et_pb_column][\/et_pb_row][\/et_pb_section]<\/p>\n","protected":false},"excerpt":{"rendered":"<p>Greener, more innovative, more creative \u2013 at the first summit on Gran Canaria, the members of the European Fashion Association \u201cEFA\u201d put together a package of measures and actions for a sustainable and inclusive future of the European fashion industry.<\/p>\n","protected":false},"author":2,"featured_media":10809,"comment_status":"closed","ping_status":"closed","sticky":false,"template":"","format":"standard","meta":{"_acf_changed":false,"_et_pb_use_builder":"on","_et_pb_old_content":"","_et_gb_content_width":"","inline_featured_image":false,"footnotes":""},"categories":[147,135,234,235,286,237],"tags":[172,170,180,313,171,249],"class_list":["post-10641","post","type-post","status-publish","format-standard","has-post-thumbnail","hentry","category-highlight-news","category-news","category-news-european-fashion-alliance","category-news-fashion","category-news-modalisboa","category-news-sustainability","tag-european-fashion-alliance-en","tag-fashion","tag-moda-en","tag-modalisboa-en","tag-sustainability","tag-sustentabilidade-en","cat_ID-147","cat_ID-135","cat_ID-234","cat_ID-235","cat_ID-286","cat_ID-237"],"acf":[],"_links":{"self":[{"href":"https:\/\/modalisboa.pt\/en\/wp-json\/wp\/v2\/posts\/10641","targetHints":{"allow":["GET"]}}],"collection":[{"href":"https:\/\/modalisboa.pt\/en\/wp-json\/wp\/v2\/posts"}],"about":[{"href":"https:\/\/modalisboa.pt\/en\/wp-json\/wp\/v2\/types\/post"}],"author":[{"embeddable":true,"href":"https:\/\/modalisboa.pt\/en\/wp-json\/wp\/v2\/users\/2"}],"replies":[{"embeddable":true,"href":"https:\/\/modalisboa.pt\/en\/wp-json\/wp\/v2\/comments?post=10641"}],"version-history":[{"count":20,"href":"https:\/\/modalisboa.pt\/en\/wp-json\/wp\/v2\/posts\/10641\/revisions"}],"predecessor-version":[{"id":182842,"href":"https:\/\/modalisboa.pt\/en\/wp-json\/wp\/v2\/posts\/10641\/revisions\/182842"}],"wp:featuredmedia":[{"embeddable":true,"href":"https:\/\/modalisboa.pt\/en\/wp-json\/wp\/v2\/media\/10809"}],"wp:attachment":[{"href":"https:\/\/modalisboa.pt\/en\/wp-json\/wp\/v2\/media?parent=10641"}],"wp:term":[{"taxonomy":"category","embeddable":true,"href":"https:\/\/modalisboa.pt\/en\/wp-json\/wp\/v2\/categories?post=10641"},{"taxonomy":"post_tag","embeddable":true,"href":"https:\/\/modalisboa.pt\/en\/wp-json\/wp\/v2\/tags?post=10641"}],"curies":[{"name":"wp","href":"https:\/\/api.w.org\/{rel}","templated":true}]}}