{"id":122258,"date":"2024-07-30T14:24:55","date_gmt":"2024-07-30T14:24:55","guid":{"rendered":"https:\/\/modalisboa.pt\/sem-categoria\/modalisboa-lanca-programa-amanha-com-o-apoio-da-pvh-foundation\/"},"modified":"2025-07-16T11:30:02","modified_gmt":"2025-07-16T11:30:02","slug":"modalisboa-launches-amanha-programme-supported-by-pvh-foundation","status":"publish","type":"post","link":"https:\/\/modalisboa.pt\/en\/news\/modalisboa-launches-amanha-programme-supported-by-pvh-foundation\/","title":{"rendered":"MODALISBOA LAUNCHES &#8220;AMANH\u00c3&#8221; PROGRAMME SUPPORTED BY PVH FOUNDATION"},"content":{"rendered":"<p>[et_pb_section fb_built=&#8221;1&#8243; admin_label=&#8221;Header&#8221; _builder_version=&#8221;4.16&#8243; _module_preset=&#8221;default&#8221; background_color=&#8221;#F3F3F3&#8243; custom_padding=&#8221;||||true|false&#8221; da_disable_devices=&#8221;off|off|off&#8221; global_colors_info=&#8221;{}&#8221; da_is_popup=&#8221;off&#8221; da_exit_intent=&#8221;off&#8221; da_has_close=&#8221;on&#8221; da_alt_close=&#8221;off&#8221; da_dark_close=&#8221;off&#8221; da_not_modal=&#8221;on&#8221; da_is_singular=&#8221;off&#8221; da_with_loader=&#8221;off&#8221; da_has_shadow=&#8221;on&#8221;][et_pb_row column_structure=&#8221;1_2,1_2&#8243; make_equal=&#8221;on&#8221; _builder_version=&#8221;4.16&#8243; _module_preset=&#8221;default&#8221; width=&#8221;70%&#8221; width_tablet=&#8221;85%&#8221; width_phone=&#8221;85%&#8221; width_last_edited=&#8221;on|tablet&#8221; max_width=&#8221;2560px&#8221; custom_padding=&#8221;0px||0px||true|false&#8221; global_colors_info=&#8221;{}&#8221;][et_pb_column type=&#8221;1_2&#8243; _builder_version=&#8221;4.16&#8243; _module_preset=&#8221;default&#8221; global_colors_info=&#8221;{}&#8221;][et_pb_image src=&#8221;https:\/\/modalisboa.pt\/wp-content\/uploads\/2024\/07\/amanha.jpg&#8221; title_text=&#8221;amanha&#8221; force_fullwidth=&#8221;on&#8221; _builder_version=&#8221;4.26.0&#8243; _module_preset=&#8221;default&#8221; global_colors_info=&#8221;{}&#8221;][\/et_pb_image][\/et_pb_column][et_pb_column type=&#8221;1_2&#8243; _builder_version=&#8221;4.16&#8243; _module_preset=&#8221;default&#8221; custom_css_main_element=&#8221;display: flex;||flex-direction: column;&#8221; global_colors_info=&#8221;{}&#8221;][et_pb_text admin_label=&#8221;T\u00edtulo %91Autom\u00e1tico%93&#8243; _builder_version=&#8221;4.16&#8243; _dynamic_attributes=&#8221;content&#8221; _module_preset=&#8221;ffb3d2c3-4648-4e86-8f79-a4a74e1e4db3&#8243; custom_css_main_element=&#8221;margin-top: auto;&#8221; global_colors_info=&#8221;{}&#8221;]@ET-DC@eyJkeW5hbWljIjp0cnVlLCJjb250ZW50IjoicG9zdF90aXRsZSIsInNldHRpbmdzIjp7ImJlZm9yZSI6IiIsImFmdGVyIjoiIn19@[\/et_pb_text][et_pb_text admin_label=&#8221;Categorias %91Manual%93&#8243; _builder_version=&#8221;4.26.0&#8243; _module_preset=&#8221;af543a65-a510-4d5a-bd0e-f29b21297a1d&#8221; text_font_size=&#8221;20px&#8221; custom_margin=&#8221;10px||10px||false|false&#8221; locked=&#8221;off&#8221; global_colors_info=&#8221;{}&#8221;]<\/p>\n<p>ModaLisboa<\/p>\n<p>[\/et_pb_text][et_pb_text admin_label=&#8221;Data de Publica\u00e7\u00e3o %91Autom\u00e1tico%93&#8243; _builder_version=&#8221;4.16&#8243; _dynamic_attributes=&#8221;content&#8221; _module_preset=&#8221;d2dc128f-cae5-47f5-9811-47f798050d09&#8243; locked=&#8221;off&#8221; global_colors_info=&#8221;{}&#8221; custom_css_main_element_last_edited=&#8221;off|desktop&#8221; custom_css_main_element_tablet=&#8221;position: relative!important;||width: fit-content!important;&#8221; custom_css_main_element_phone=&#8221;position: relative!important;||width: fit-content!important;&#8221;]@ET-DC@eyJkeW5hbWljIjp0cnVlLCJjb250ZW50IjoicG9zdF9kYXRlIiwic2V0dGluZ3MiOnsiYmVmb3JlIjoiIiwiYWZ0ZXIiOiIiLCJkYXRlX2Zvcm1hdCI6ImRlZmF1bHQiLCJjdXN0b21fZGF0ZV9mb3JtYXQiOiIifX0=@[\/et_pb_text][\/et_pb_column][\/et_pb_row][\/et_pb_section][et_pb_section fb_built=&#8221;1&#8243; admin_label=&#8221;News&#8221; _builder_version=&#8221;4.16&#8243; _module_preset=&#8221;default&#8221; custom_padding=&#8221;0px||0px||false|false&#8221; da_disable_devices=&#8221;off|off|off&#8221; global_colors_info=&#8221;{}&#8221; da_is_popup=&#8221;off&#8221; da_exit_intent=&#8221;off&#8221; da_has_close=&#8221;on&#8221; da_alt_close=&#8221;off&#8221; da_dark_close=&#8221;off&#8221; da_not_modal=&#8221;on&#8221; da_is_singular=&#8221;off&#8221; da_with_loader=&#8221;off&#8221; da_has_shadow=&#8221;on&#8221;][et_pb_row _builder_version=&#8221;4.16&#8243; _module_preset=&#8221;default&#8221; width=&#8221;70%&#8221; width_tablet=&#8221;85%&#8221; width_phone=&#8221;85%&#8221; width_last_edited=&#8221;on|phone&#8221; max_width=&#8221;2560px&#8221; custom_margin=&#8221;50px||||false|false&#8221; custom_padding=&#8221;||||false|true&#8221; custom_css_main_element=&#8221;||&#8221; locked=&#8221;off&#8221; global_colors_info=&#8221;{}&#8221;][et_pb_column type=&#8221;4_4&#8243; _builder_version=&#8221;4.16&#8243; _module_preset=&#8221;default&#8221; background_color=&#8221;RGBA(255,255,255,0)&#8221; custom_css_main_element=&#8221;width: 100%!important;&#8221; global_colors_info=&#8221;{}&#8221;][et_pb_text _builder_version=&#8221;4.26.0&#8243; _module_preset=&#8221;af543a65-a510-4d5a-bd0e-f29b21297a1d&#8221; header_3_font=&#8221;Inter|700|||||||&#8221; locked=&#8221;off&#8221; global_colors_info=&#8221;{}&#8221;]<\/p>\n<p><em>Developed by the ModaLisboa with the support of the PVH Foundation, amanh\u00e3 is a pioneering social impact programme, designed for young people, which aims to promote inclusion and create new job opportunities in the Portuguese Fashion Industry. It has already reached more than 300 students, and has offered a Fashion scholarship.<\/em><\/p>\n<p>&nbsp;<\/p>\n<p><a href=\"https:\/\/modalisboa.pt\/en\/projects\/amanha\/\" target=\"_blank\" rel=\"noopener\">amanh\u00e3 <\/a>is a project in line with Associa\u00e7\u00e3o ModaLisboa&#8217;s mission to build an educated and informed, agile and diverse fashion community, and in intersection with the PVH Foundation&#8217;s global and concerted investment in a plural and inclusive fashion industry.<\/p>\n<p>The programme was designed to respond to two structural challenges in the contemporary context of the Fashion Industry: the need to promote the representation of voices so that all young people, regardless of their social and economic background, have access to prosperous careers, with fair pay and tangible progression; and the growing demand for talent in expanding areas such as Sustainability and Technological Innovation.<\/p>\n<p>Implemented between April and July 2024, the project was aimed at 12th grade students and was divided into three action phases, with different objectives and levels of impact, but always obeying the mission of sharing information about opportunities in the Fashion Industry and creating a sector with greater inclusion and diversity.<\/p>\n<p>&nbsp;<\/p>\n<p><strong>STAGE 1: RAISING AWARENESS<br \/><\/strong><\/p>\n<p>In the first stage of the <a href=\"https:\/\/modalisboa.pt\/en\/projects\/amanha\/\" target=\"_blank\" rel=\"noopener\">amanh\u00e3<\/a> programme, the ModaLisboa Association team visited high schools located in the Lisbon and Porto metropolitan areas. It impacted more than 300 students from various courses with a presentation focussed on the global vision of what the Fashion Industry is, and the future opportunities it offers in the contemporary context. This first stage aimed to reinforce the diversity of talents in the Fashion area, talking about Sustainability, Craftsmanship and Technological Innovation, as well as the professions that each offers, and ended with a practical workshop with a garment offered by the PVH Foundation.<\/p>\n<p>&nbsp;<\/p>\n<p><strong>STAGE 2: TRAINING<br \/><\/strong><\/p>\n<p>All the students who took part in the awareness presentations had the opportunity to apply for the second stage of the\u00a0<em>amanh\u00e3\u00a0<\/em>programme. ModaLisboa selected 14 young people who met the criteria defined by the programme \u2014 motivation, aptitude and diversity \u2014 and, at the beginning of July, welcomed them to the Association&#8217;s headquarters for a week-long residency.<\/p>\n<p>The schedule was made of five days of practical training and workshops in strategic areas of the contemporary fashion industry, aimed at fostering a deeper understanding of the fashion system through direct contact with industry professionals:<\/p>\n<p><strong>&#8211; Sustainability in Fashion Design<\/strong>, with <strong>Ana Duarte<\/strong> <a href=\"https:\/\/modalisboa.pt\/en\/designers-en\/duartehajime\/\" target=\"_blank\" rel=\"noopener\"><strong>(DuarteHajime);<\/strong><\/a><br \/>&#8211;<strong> Cultural Heritage and Craftwork<\/strong>, with <strong>Joana Duarte<\/strong> <a href=\"https:\/\/modalisboa.pt\/en\/designers-en\/behen\/\" target=\"_blank\" rel=\"noopener\"><strong>(B\u00c9HEN);<\/strong><\/a><br \/><strong>&#8211; Textile Creation<\/strong>, with <strong><a href=\"https:\/\/modalisboa.pt\/en\/designers-en\/constanca-entrudo\/\" target=\"_blank\" rel=\"noopener\">Constan\u00e7a Entrudo<\/a>;<\/strong><br \/><strong>&#8211; Innovation and Technology in the Digitalization of Fashion,<\/strong> with <strong>Jo\u00e3o Pedro Fonseca and Carincur<\/strong> <a href=\"https:\/\/zabra.co\/\" target=\"_blank\" rel=\"noopener\"><strong>(ZABRA)<\/strong><\/a>, and <strong>Introduction to Programming<\/strong>, with the <a href=\"https:\/\/codeforall.com\/\" target=\"_blank\" rel=\"noopener\"><strong>Code For All<\/strong><\/a> team;<br \/><strong>&#8211; Visual Culture<\/strong>, with <strong>S\u00f3nia Jesus.<\/strong><\/p>\n<p>More information about the workshops, <a href=\"https:\/\/modalisboa.pt\/en\/projects\/amanha\/\" target=\"_blank\" rel=\"noopener\">here.<\/a><\/p>\n<p>&nbsp;<\/p>\n<p><strong>STAGE 3: SCHOLARSHIPS<\/strong><\/p>\n<p>After the residency, ModaLisboa and the mentors evaluated each student, based on criteria such as interest, motivation and talent.The jury chose <strong>Chelson Vunge<\/strong> as the <strong>winner of the Scholarship<\/strong>, worth 15 thousand euros, which includes an 18-month course at <a href=\"https:\/\/www.modatex.pt\/\" target=\"_blank\" rel=\"noopener\">Modatex Porto<\/a> (in a Fashion \u200b\u200btraining area of his choise), accommodation and meals.<\/p>\n<p><img loading=\"lazy\" decoding=\"async\" class=\"wp-image-122054 \" src=\"https:\/\/modalisboa.pt\/wp-content\/uploads\/2024\/07\/chelson_vunge.jpg\" alt=\"\" width=\"342\" height=\"514\"><\/p>\n<p><em>&#8220;This project plays a very personal role in my life, it&#8217;s about finding myself. Where I come from, things weren&#8217;t easy, and the opportunity I&#8217;m getting now is incredible, I have to make the most of it. The message I want to pass on is to the kids who lived with me, or in my country: you can do it, we all have great opportunities, just take them, and we&#8217;ll all get there together.&#8221;\u00a0<\/em><br \/>Chelson Vunge<\/p>\n<p>The 14 young people also had the opportunity to choose a Technology Initiation Course \u2014 in areas such as Artificial Intelligence, Digital Product Management or Web Development \u2014 at <a href=\"https:\/\/codeforall.com\/\" target=\"_blank\" rel=\"noopener\">Code For All<\/a>, offered by ModaLisboa, which aims to give each student versatile tools to thrive in this fast-growing area.<\/p>\n<p>The first edition of the <a href=\"https:\/\/modalisboa.pt\/en\/projects\/amanha\/\" target=\"_blank\" rel=\"noopener\">amanh\u00e3<\/a> program, with the support of the PVH Foundation, has reached different levels of impact through its three initiatives, and has fulfilled its goal of creating a tangible and lasting change in the path of the young people who have come across the project. Over the last few months, it has succeeded in involving students, designers, schools, technology professionals and artists in the common ambition of making the fashion industry a home where everyone has a voice: both today and tomorrow.<\/p>\n<p>[\/et_pb_text][\/et_pb_column][\/et_pb_row][\/et_pb_section][et_pb_section fb_built=&#8221;1&#8243; disabled_on=&#8221;off|off|off&#8221; _builder_version=&#8221;4.26.0&#8243; _module_preset=&#8221;default&#8221; da_disable_devices=&#8221;off|off|off&#8221; global_colors_info=&#8221;{}&#8221; da_is_popup=&#8221;off&#8221; da_exit_intent=&#8221;off&#8221; da_has_close=&#8221;on&#8221; da_alt_close=&#8221;off&#8221; da_dark_close=&#8221;off&#8221; da_not_modal=&#8221;on&#8221; da_is_singular=&#8221;off&#8221; da_with_loader=&#8221;off&#8221; da_has_shadow=&#8221;on&#8221;][et_pb_row _builder_version=&#8221;4.19.5&#8243; _module_preset=&#8221;default&#8221; width=&#8221;95%&#8221; width_tablet=&#8221;85%&#8221; width_phone=&#8221;85%&#8221; width_last_edited=&#8221;on|desktop&#8221; max_width=&#8221;2560px&#8221; global_colors_info=&#8221;{}&#8221;][et_pb_column type=&#8221;4_4&#8243; _builder_version=&#8221;4.19.5&#8243; _module_preset=&#8221;default&#8221; global_colors_info=&#8221;{}&#8221;][et_pb_text _builder_version=&#8221;4.26.0&#8243; _module_preset=&#8221;af543a65-a510-4d5a-bd0e-f29b21297a1d&#8221; global_colors_info=&#8221;{}&#8221;]<\/p>\n<h2>STAGE 1<\/h2>\n<p>[\/et_pb_text][dsm_masonry_gallery gallery_ids=&#8221;105943,105945,105949,105953,105961&#8243; dsm_sort_images=&#8221;off&#8221; columns=&#8221;5&#8243; gutter=&#8221;10&#8243; use_lightbox=&#8221;on&#8221; use_horizontal_order=&#8221;off&#8221; admin_label=&#8221;Fotos&#8221; _builder_version=&#8221;4.26.0&#8243; _module_preset=&#8221;default&#8221; global_colors_info=&#8221;{}&#8221;][\/dsm_masonry_gallery][\/et_pb_column][\/et_pb_row][\/et_pb_section][et_pb_section fb_built=&#8221;1&#8243; disabled_on=&#8221;off|off|off&#8221; _builder_version=&#8221;4.26.0&#8243; _module_preset=&#8221;default&#8221; da_disable_devices=&#8221;off|off|off&#8221; global_colors_info=&#8221;{}&#8221; da_is_popup=&#8221;off&#8221; da_exit_intent=&#8221;off&#8221; da_has_close=&#8221;on&#8221; da_alt_close=&#8221;off&#8221; da_dark_close=&#8221;off&#8221; da_not_modal=&#8221;on&#8221; da_is_singular=&#8221;off&#8221; da_with_loader=&#8221;off&#8221; da_has_shadow=&#8221;on&#8221;][et_pb_row _builder_version=&#8221;4.19.5&#8243; _module_preset=&#8221;default&#8221; width=&#8221;95%&#8221; width_tablet=&#8221;85%&#8221; width_phone=&#8221;85%&#8221; width_last_edited=&#8221;on|desktop&#8221; max_width=&#8221;2560px&#8221; global_colors_info=&#8221;{}&#8221;][et_pb_column type=&#8221;4_4&#8243; _builder_version=&#8221;4.19.5&#8243; _module_preset=&#8221;default&#8221; global_colors_info=&#8221;{}&#8221;][et_pb_text _builder_version=&#8221;4.26.0&#8243; _module_preset=&#8221;af543a65-a510-4d5a-bd0e-f29b21297a1d&#8221; global_colors_info=&#8221;{}&#8221;]<\/p>\n<h2>STAGE 2<\/h2>\n<p>[\/et_pb_text][dsm_masonry_gallery gallery_ids=&#8221;121837,121865,121968,121997,122005&#8243; dsm_sort_images=&#8221;off&#8221; columns=&#8221;5&#8243; gutter=&#8221;10&#8243; use_lightbox=&#8221;on&#8221; use_horizontal_order=&#8221;off&#8221; admin_label=&#8221;Fotos&#8221; _builder_version=&#8221;4.26.0&#8243; _module_preset=&#8221;default&#8221; global_colors_info=&#8221;{}&#8221;][\/dsm_masonry_gallery][\/et_pb_column][\/et_pb_row][\/et_pb_section][et_pb_section fb_built=&#8221;1&#8243; disabled_on=&#8221;off|off|off&#8221; admin_label=&#8221;Related News&#8221; _builder_version=&#8221;4.27.4&#8243; _module_preset=&#8221;default&#8221; custom_padding=&#8221;||||false|false&#8221; da_disable_devices=&#8221;off|off|off&#8221; global_colors_info=&#8221;{}&#8221; da_is_popup=&#8221;off&#8221; da_exit_intent=&#8221;off&#8221; da_has_close=&#8221;on&#8221; da_alt_close=&#8221;off&#8221; da_dark_close=&#8221;off&#8221; da_not_modal=&#8221;on&#8221; da_is_singular=&#8221;off&#8221; da_with_loader=&#8221;off&#8221; da_has_shadow=&#8221;on&#8221;][et_pb_row _builder_version=&#8221;4.16&#8243; _module_preset=&#8221;default&#8221; width=&#8221;95%&#8221; width_tablet=&#8221;85%&#8221; width_phone=&#8221;85%&#8221; width_last_edited=&#8221;on|tablet&#8221; max_width=&#8221;2560px&#8221; custom_margin=&#8221;||25px||false|false&#8221; custom_padding=&#8221;0px||0px||true|true&#8221; locked=&#8221;off&#8221; global_colors_info=&#8221;{}&#8221;][et_pb_column type=&#8221;4_4&#8243; _builder_version=&#8221;4.16&#8243; _module_preset=&#8221;default&#8221; global_colors_info=&#8221;{}&#8221; custom_css_main_element_last_edited=&#8221;off|tablet&#8221; custom_css_main_element_tablet=&#8221;width: 50%!important;&#8221; custom_css_main_element_phone=&#8221;width: 65%!important;&#8221;][et_pb_text _builder_version=&#8221;4.27.4&#8243; _module_preset=&#8221;af543a65-a510-4d5a-bd0e-f29b21297a1d&#8221; global_colors_info=&#8221;{}&#8221;]<\/p>\n<h2>RELATED<\/h2>\n<p>[\/et_pb_text][\/et_pb_column][\/et_pb_row][et_pb_row _builder_version=&#8221;4.16&#8243; _module_preset=&#8221;default&#8221; width=&#8221;95%&#8221; width_tablet=&#8221;85%&#8221; width_phone=&#8221;85%&#8221; width_last_edited=&#8221;on|tablet&#8221; max_width=&#8221;2560px&#8221; custom_padding=&#8221;0px||0px||true|false&#8221; locked=&#8221;off&#8221; global_colors_info=&#8221;{}&#8221;][et_pb_column type=&#8221;4_4&#8243; _builder_version=&#8221;4.16&#8243; _module_preset=&#8221;default&#8221; global_colors_info=&#8221;{}&#8221;][dsm_blog_carousel include_categories=&#8221;496&#8243; loop=&#8221;off&#8221; _builder_version=&#8221;4.27.4&#8243; _module_preset=&#8221;0e17602a-d383-450f-bb28-cf494f4e420d&#8221; global_colors_info=&#8221;{}&#8221;][\/dsm_blog_carousel][\/et_pb_column][\/et_pb_row][\/et_pb_section]<\/p>\n","protected":false},"excerpt":{"rendered":"<p>amanh\u00e3 is a pioneering social impact program, designed for young people, which aims to promote inclusion and create new employment opportunities in the Portuguese Fashion Industry.<\/p>\n","protected":false},"author":2,"featured_media":122156,"comment_status":"closed","ping_status":"closed","sticky":false,"template":"","format":"standard","meta":{"_acf_changed":false,"_et_pb_use_builder":"on","_et_pb_old_content":"","_et_gb_content_width":"","inline_featured_image":false,"footnotes":""},"categories":[147,135,496,286],"tags":[313],"class_list":["post-122258","post","type-post","status-publish","format-standard","has-post-thumbnail","hentry","category-highlight-news","category-news","category-news-amanha","category-news-modalisboa","tag-modalisboa-en","cat_ID-147","cat_ID-135","cat_ID-496","cat_ID-286"],"acf":[],"_links":{"self":[{"href":"https:\/\/modalisboa.pt\/en\/wp-json\/wp\/v2\/posts\/122258","targetHints":{"allow":["GET"]}}],"collection":[{"href":"https:\/\/modalisboa.pt\/en\/wp-json\/wp\/v2\/posts"}],"about":[{"href":"https:\/\/modalisboa.pt\/en\/wp-json\/wp\/v2\/types\/post"}],"author":[{"embeddable":true,"href":"https:\/\/modalisboa.pt\/en\/wp-json\/wp\/v2\/users\/2"}],"replies":[{"embeddable":true,"href":"https:\/\/modalisboa.pt\/en\/wp-json\/wp\/v2\/comments?post=122258"}],"version-history":[{"count":13,"href":"https:\/\/modalisboa.pt\/en\/wp-json\/wp\/v2\/posts\/122258\/revisions"}],"predecessor-version":[{"id":171587,"href":"https:\/\/modalisboa.pt\/en\/wp-json\/wp\/v2\/posts\/122258\/revisions\/171587"}],"wp:featuredmedia":[{"embeddable":true,"href":"https:\/\/modalisboa.pt\/en\/wp-json\/wp\/v2\/media\/122156"}],"wp:attachment":[{"href":"https:\/\/modalisboa.pt\/en\/wp-json\/wp\/v2\/media?parent=122258"}],"wp:term":[{"taxonomy":"category","embeddable":true,"href":"https:\/\/modalisboa.pt\/en\/wp-json\/wp\/v2\/categories?post=122258"},{"taxonomy":"post_tag","embeddable":true,"href":"https:\/\/modalisboa.pt\/en\/wp-json\/wp\/v2\/tags?post=122258"}],"curies":[{"name":"wp","href":"https:\/\/api.w.org\/{rel}","templated":true}]}}