{"id":139542,"date":"2024-10-29T17:20:32","date_gmt":"2024-10-29T17:20:32","guid":{"rendered":"https:\/\/modalisboa.pt\/sem-categoria\/mude-inaugura-exposicao-para-que-servem-as-coisas-2\/"},"modified":"2024-10-29T18:17:30","modified_gmt":"2024-10-29T18:17:30","slug":"mude-opens-exhibition-para-que-servem-as-coisas-2","status":"publish","type":"post","link":"https:\/\/modalisboa.pt\/en\/news\/mude-opens-exhibition-para-que-servem-as-coisas-2\/","title":{"rendered":"MUDE OPENS EXHIBITION &#8220;PARA QUE SERVEM AS COISAS?&#8221;"},"content":{"rendered":"<p>[et_pb_section fb_built=&#8221;1&#8243; admin_label=&#8221;Header&#8221; _builder_version=&#8221;4.16&#8243; _module_preset=&#8221;default&#8221; background_color=&#8221;#F3F3F3&#8243; custom_padding=&#8221;||||true|false&#8221; da_disable_devices=&#8221;off|off|off&#8221; global_colors_info=&#8221;{}&#8221; da_is_popup=&#8221;off&#8221; da_exit_intent=&#8221;off&#8221; da_has_close=&#8221;on&#8221; da_alt_close=&#8221;off&#8221; da_dark_close=&#8221;off&#8221; da_not_modal=&#8221;on&#8221; da_is_singular=&#8221;off&#8221; da_with_loader=&#8221;off&#8221; da_has_shadow=&#8221;on&#8221;][et_pb_row column_structure=&#8221;1_2,1_2&#8243; make_equal=&#8221;on&#8221; _builder_version=&#8221;4.16&#8243; _module_preset=&#8221;default&#8221; width=&#8221;70%&#8221; width_tablet=&#8221;85%&#8221; width_phone=&#8221;85%&#8221; width_last_edited=&#8221;on|tablet&#8221; max_width=&#8221;2560px&#8221; custom_padding=&#8221;0px||0px||true|false&#8221; global_colors_info=&#8221;{}&#8221;][et_pb_column type=&#8221;1_2&#8243; _builder_version=&#8221;4.16&#8243; _module_preset=&#8221;default&#8221; global_colors_info=&#8221;{}&#8221;][et_pb_image src=&#8221;https:\/\/modalisboa.pt\/wp-content\/uploads\/2024\/10\/mude_expo.jpg&#8221; title_text=&#8221;mude_expo&#8221; force_fullwidth=&#8221;on&#8221; _builder_version=&#8221;4.27.2&#8243; _module_preset=&#8221;default&#8221; global_colors_info=&#8221;{}&#8221;][\/et_pb_image][\/et_pb_column][et_pb_column type=&#8221;1_2&#8243; _builder_version=&#8221;4.16&#8243; _module_preset=&#8221;default&#8221; custom_css_main_element=&#8221;display: flex;||flex-direction: column;&#8221; global_colors_info=&#8221;{}&#8221;][et_pb_text admin_label=&#8221;T\u00edtulo %91Autom\u00e1tico%93&#8243; _builder_version=&#8221;4.16&#8243; _dynamic_attributes=&#8221;content&#8221; _module_preset=&#8221;ffb3d2c3-4648-4e86-8f79-a4a74e1e4db3&#8243; custom_css_main_element=&#8221;margin-top: auto;&#8221; global_colors_info=&#8221;{}&#8221;]@ET-DC@eyJkeW5hbWljIjp0cnVlLCJjb250ZW50IjoicG9zdF90aXRsZSIsInNldHRpbmdzIjp7ImJlZm9yZSI6IiIsImFmdGVyIjoiIn19@[\/et_pb_text][et_pb_text admin_label=&#8221;Categorias %91Manual%93&#8243; _builder_version=&#8221;4.27.2&#8243; _module_preset=&#8221;af543a65-a510-4d5a-bd0e-f29b21297a1d&#8221; text_font_size=&#8221;20px&#8221; custom_margin=&#8221;10px||10px||false|false&#8221; hover_enabled=&#8221;0&#8243; locked=&#8221;off&#8221; global_colors_info=&#8221;{}&#8221; sticky_enabled=&#8221;0&#8243;]<\/p>\n<p>Exhibitions, Fashion, Design<\/p>\n<p>[\/et_pb_text][et_pb_text admin_label=&#8221;Data de Publica\u00e7\u00e3o %91Autom\u00e1tico%93&#8243; _builder_version=&#8221;4.16&#8243; _dynamic_attributes=&#8221;content&#8221; _module_preset=&#8221;d2dc128f-cae5-47f5-9811-47f798050d09&#8243; locked=&#8221;off&#8221; global_colors_info=&#8221;{}&#8221; custom_css_main_element_last_edited=&#8221;off|desktop&#8221; custom_css_main_element_tablet=&#8221;position: relative!important;||width: fit-content!important;&#8221; custom_css_main_element_phone=&#8221;position: relative!important;||width: fit-content!important;&#8221;]@ET-DC@eyJkeW5hbWljIjp0cnVlLCJjb250ZW50IjoicG9zdF9kYXRlIiwic2V0dGluZ3MiOnsiYmVmb3JlIjoiIiwiYWZ0ZXIiOiIiLCJkYXRlX2Zvcm1hdCI6ImRlZmF1bHQiLCJjdXN0b21fZGF0ZV9mb3JtYXQiOiIifX0=@[\/et_pb_text][\/et_pb_column][\/et_pb_row][\/et_pb_section][et_pb_section fb_built=&#8221;1&#8243; admin_label=&#8221;News&#8221; _builder_version=&#8221;4.16&#8243; _module_preset=&#8221;default&#8221; custom_padding=&#8221;0px||0px||false|false&#8221; da_disable_devices=&#8221;off|off|off&#8221; global_colors_info=&#8221;{}&#8221; da_is_popup=&#8221;off&#8221; da_exit_intent=&#8221;off&#8221; da_has_close=&#8221;on&#8221; da_alt_close=&#8221;off&#8221; da_dark_close=&#8221;off&#8221; da_not_modal=&#8221;on&#8221; da_is_singular=&#8221;off&#8221; da_with_loader=&#8221;off&#8221; da_has_shadow=&#8221;on&#8221;][et_pb_row _builder_version=&#8221;4.16&#8243; _module_preset=&#8221;default&#8221; width=&#8221;70%&#8221; width_tablet=&#8221;85%&#8221; width_phone=&#8221;85%&#8221; width_last_edited=&#8221;on|phone&#8221; max_width=&#8221;2560px&#8221; custom_margin=&#8221;50px||||false|false&#8221; custom_padding=&#8221;||||false|true&#8221; custom_css_main_element=&#8221;||&#8221; locked=&#8221;off&#8221; global_colors_info=&#8221;{}&#8221;][et_pb_column type=&#8221;4_4&#8243; _builder_version=&#8221;4.16&#8243; _module_preset=&#8221;default&#8221; background_color=&#8221;RGBA(255,255,255,0)&#8221; custom_css_main_element=&#8221;width: 100%!important;&#8221; global_colors_info=&#8221;{}&#8221;][et_pb_text _builder_version=&#8221;4.27.2&#8243; _module_preset=&#8221;af543a65-a510-4d5a-bd0e-f29b21297a1d&#8221; header_3_font=&#8221;Inter|700|||||||&#8221; hover_enabled=&#8221;0&#8243; locked=&#8221;off&#8221; global_colors_info=&#8221;{}&#8221; sticky_enabled=&#8221;0&#8243;]<\/p>\n<p><strong>&#8220;Para Que Servem as Coisas?&#8221; (What are things for?)<\/strong> is the new long-term exhibition at <strong>MUDE \u2013 Museu do Design<\/strong>, in <strong>Lisbon,<\/strong> which aims to reinterpret the history of design through a retrospective journey from 1900 to 2020.<\/p>\n<p>More than highlighting the diversity of MUDE&#8217;s collection \u00ad\u2014 which includes product design, fashion, graphics, scene and contemporary jewelry by national and international authors from different generations and origins \u2014 the new exhibition aims to question how and why objects are designed, communicated, perceived and consumed. Aims to create dialogues between design and documentation, highlighting issues that cross-cut different eras and inviting debate about past practices and their projection into the future of each era.<\/p>\n<p>With 19 exhibition areas, the exhibition occupies the third floor of the museum, being complemented on the fourth floor, with four projects that show design in dialogue with cinema, theater, music and sculpture.<\/p>\n<p>The exhibition design launches a new challenge for museography, reusing materials from the renovation work on the MUDE building, with the intention of reducing waste as much as possible and promoting a circular economy.<\/p>\n<p>Until <strong>November 3<\/strong>, <strong>entry to MUDE is free<\/strong>, subject to space capacity.<\/p>\n<p>&nbsp;<\/p>\n<p><strong>Programming and curation:<\/strong> B\u00e1rbara Coutinho<\/p>\n<p><strong>Research and curatorial assistance:<\/strong> In\u00eas Correia, Anabela Becho, In\u00eas Matias, Madalena Galv\u00e3o, Concei\u00e7\u00e3o Toscano, Pedro Oliveira, Daniela Esteves, Ana Maria Cunha, Carolina Santana, Madalena Carita, Patr\u00edcia Ferreira, Vera Brito<\/p>\n<p><strong>Exhibition design:<\/strong> Coletivo Warehouse<\/p>\n<p data-generated-css=\"brz-css-xufBu\" data-uniq-id=\"j4sh9\">\n<p data-generated-css=\"brz-css-xufBu\" data-uniq-id=\"j4sh9\">[\/et_pb_text][et_pb_code _builder_version=&#8221;4.27.2&#8243; _module_preset=&#8221;default&#8221; global_colors_info=&#8221;{}&#8221;]<iframe width=\"560\" height=\"315\" src=\"https:\/\/www.youtube.com\/embed\/ybKKBmX1vQg?si=2L3_5CSBr5FRohHN\" title=\"YouTube video player\" frameborder=\"0\" allow=\"accelerometer; autoplay; clipboard-write; encrypted-media; gyroscope; picture-in-picture; web-share\" referrerpolicy=\"strict-origin-when-cross-origin\" allowfullscreen><\/iframe>[\/et_pb_code][\/et_pb_column][\/et_pb_row][\/et_pb_section][et_pb_section fb_built=&#8221;1&#8243; disabled_on=&#8221;off|off|off&#8221; admin_label=&#8221;Related News&#8221; _builder_version=&#8221;4.27.2&#8243; _module_preset=&#8221;default&#8221; custom_padding=&#8221;||||false|false&#8221; da_disable_devices=&#8221;off|off|off&#8221; global_colors_info=&#8221;{}&#8221; da_is_popup=&#8221;off&#8221; da_exit_intent=&#8221;off&#8221; da_has_close=&#8221;on&#8221; da_alt_close=&#8221;off&#8221; da_dark_close=&#8221;off&#8221; da_not_modal=&#8221;on&#8221; da_is_singular=&#8221;off&#8221; da_with_loader=&#8221;off&#8221; da_has_shadow=&#8221;on&#8221;][et_pb_row _builder_version=&#8221;4.16&#8243; _module_preset=&#8221;default&#8221; width=&#8221;95%&#8221; width_tablet=&#8221;85%&#8221; width_phone=&#8221;85%&#8221; width_last_edited=&#8221;on|tablet&#8221; max_width=&#8221;2560px&#8221; custom_margin=&#8221;||25px||false|false&#8221; custom_padding=&#8221;0px||0px||true|true&#8221; locked=&#8221;off&#8221; global_colors_info=&#8221;{}&#8221;][et_pb_column type=&#8221;4_4&#8243; _builder_version=&#8221;4.16&#8243; _module_preset=&#8221;default&#8221; global_colors_info=&#8221;{}&#8221; custom_css_main_element_last_edited=&#8221;off|tablet&#8221; custom_css_main_element_tablet=&#8221;width: 50%!important;&#8221; custom_css_main_element_phone=&#8221;width: 65%!important;&#8221;][et_pb_text _builder_version=&#8221;4.27.2&#8243; _module_preset=&#8221;af543a65-a510-4d5a-bd0e-f29b21297a1d&#8221; hover_enabled=&#8221;0&#8243; global_colors_info=&#8221;{}&#8221; sticky_enabled=&#8221;0&#8243;]<\/p>\n<h2>RELATED<\/h2>\n<p>[\/et_pb_text][\/et_pb_column][\/et_pb_row][et_pb_row _builder_version=&#8221;4.16&#8243; _module_preset=&#8221;default&#8221; width=&#8221;95%&#8221; width_tablet=&#8221;85%&#8221; width_phone=&#8221;85%&#8221; width_last_edited=&#8221;on|tablet&#8221; max_width=&#8221;2560px&#8221; custom_padding=&#8221;0px||0px||true|false&#8221; locked=&#8221;off&#8221; global_colors_info=&#8221;{}&#8221;][et_pb_column type=&#8221;4_4&#8243; _builder_version=&#8221;4.16&#8243; _module_preset=&#8221;default&#8221; global_colors_info=&#8221;{}&#8221;][dsm_blog_carousel include_categories=&#8221;251&#8243; loop=&#8221;off&#8221; _builder_version=&#8221;4.27.2&#8243; _module_preset=&#8221;0e17602a-d383-450f-bb28-cf494f4e420d&#8221; hover_enabled=&#8221;0&#8243; global_colors_info=&#8221;{}&#8221; sticky_enabled=&#8221;0&#8243;][\/dsm_blog_carousel][\/et_pb_column][\/et_pb_row][\/et_pb_section]<\/p>\n","protected":false},"excerpt":{"rendered":"<p>&#8220;Para Que Servem as Coisas?&#8221; aims to reinterpret the history of design through a retrospective journey from 1900 to 2020.<\/p>\n","protected":false},"author":2,"featured_media":139514,"comment_status":"closed","ping_status":"closed","sticky":false,"template":"","format":"standard","meta":{"_acf_changed":false,"_et_pb_use_builder":"on","_et_pb_old_content":"","_et_gb_content_width":"","inline_featured_image":false,"footnotes":""},"categories":[147,135,251,235],"tags":[313],"class_list":["post-139542","post","type-post","status-publish","format-standard","has-post-thumbnail","hentry","category-highlight-news","category-news","category-news-exhibitions","category-news-fashion","tag-modalisboa-en","cat_ID-147","cat_ID-135","cat_ID-251","cat_ID-235"],"acf":[],"_links":{"self":[{"href":"https:\/\/modalisboa.pt\/en\/wp-json\/wp\/v2\/posts\/139542","targetHints":{"allow":["GET"]}}],"collection":[{"href":"https:\/\/modalisboa.pt\/en\/wp-json\/wp\/v2\/posts"}],"about":[{"href":"https:\/\/modalisboa.pt\/en\/wp-json\/wp\/v2\/types\/post"}],"author":[{"embeddable":true,"href":"https:\/\/modalisboa.pt\/en\/wp-json\/wp\/v2\/users\/2"}],"replies":[{"embeddable":true,"href":"https:\/\/modalisboa.pt\/en\/wp-json\/wp\/v2\/comments?post=139542"}],"version-history":[{"count":2,"href":"https:\/\/modalisboa.pt\/en\/wp-json\/wp\/v2\/posts\/139542\/revisions"}],"predecessor-version":[{"id":139546,"href":"https:\/\/modalisboa.pt\/en\/wp-json\/wp\/v2\/posts\/139542\/revisions\/139546"}],"wp:featuredmedia":[{"embeddable":true,"href":"https:\/\/modalisboa.pt\/en\/wp-json\/wp\/v2\/media\/139514"}],"wp:attachment":[{"href":"https:\/\/modalisboa.pt\/en\/wp-json\/wp\/v2\/media?parent=139542"}],"wp:term":[{"taxonomy":"category","embeddable":true,"href":"https:\/\/modalisboa.pt\/en\/wp-json\/wp\/v2\/categories?post=139542"},{"taxonomy":"post_tag","embeddable":true,"href":"https:\/\/modalisboa.pt\/en\/wp-json\/wp\/v2\/tags?post=139542"}],"curies":[{"name":"wp","href":"https:\/\/api.w.org\/{rel}","templated":true}]}}