{"id":143190,"date":"2024-11-18T13:49:31","date_gmt":"2024-11-18T13:49:31","guid":{"rendered":"https:\/\/modalisboa.pt\/sem-categoria\/mude-acolhe-e-coorganiza-conferencia-codes-of-conduct-responsibility-and-ethics-in-fashion-heritage\/"},"modified":"2024-11-19T10:19:23","modified_gmt":"2024-11-19T10:19:23","slug":"mude-acolhe-e-coorganiza-conferencia-codes-of-conduct-responsibility-and-ethics-in-fashion-heritage","status":"publish","type":"post","link":"https:\/\/modalisboa.pt\/en\/news\/mude-acolhe-e-coorganiza-conferencia-codes-of-conduct-responsibility-and-ethics-in-fashion-heritage\/","title":{"rendered":"MUDE HOSTS AND CO-ORGANIZES THE CONFERENCE &#8220;CODES OF CONDUCT. RESPONSIBILITY AND ETHICS IN FASHION HERITAGE&#8221;"},"content":{"rendered":"<p>[et_pb_section fb_built=&#8221;1&#8243; admin_label=&#8221;Header&#8221; _builder_version=&#8221;4.16&#8243; _module_preset=&#8221;default&#8221; background_color=&#8221;#F3F3F3&#8243; custom_padding=&#8221;||||true|false&#8221; da_disable_devices=&#8221;off|off|off&#8221; global_colors_info=&#8221;{}&#8221; da_is_popup=&#8221;off&#8221; da_exit_intent=&#8221;off&#8221; da_has_close=&#8221;on&#8221; da_alt_close=&#8221;off&#8221; da_dark_close=&#8221;off&#8221; da_not_modal=&#8221;on&#8221; da_is_singular=&#8221;off&#8221; da_with_loader=&#8221;off&#8221; da_has_shadow=&#8221;on&#8221;][et_pb_row column_structure=&#8221;1_2,1_2&#8243; make_equal=&#8221;on&#8221; _builder_version=&#8221;4.16&#8243; _module_preset=&#8221;default&#8221; width=&#8221;70%&#8221; width_tablet=&#8221;85%&#8221; width_phone=&#8221;85%&#8221; width_last_edited=&#8221;on|tablet&#8221; max_width=&#8221;2560px&#8221; custom_padding=&#8221;0px||0px||true|false&#8221; global_colors_info=&#8221;{}&#8221;][et_pb_column type=&#8221;1_2&#8243; _builder_version=&#8221;4.16&#8243; _module_preset=&#8221;default&#8221; global_colors_info=&#8221;{}&#8221;][et_pb_image src=&#8221;https:\/\/modalisboa.pt\/wp-content\/uploads\/2024\/11\/codes_of_conduct.jpg&#8221; title_text=&#8221;codes_of_conduct&#8221; force_fullwidth=&#8221;on&#8221; _builder_version=&#8221;4.27.2&#8243; _module_preset=&#8221;default&#8221; global_colors_info=&#8221;{}&#8221;][\/et_pb_image][\/et_pb_column][et_pb_column type=&#8221;1_2&#8243; _builder_version=&#8221;4.16&#8243; _module_preset=&#8221;default&#8221; custom_css_main_element=&#8221;display: flex;||flex-direction: column;&#8221; global_colors_info=&#8221;{}&#8221;][et_pb_text admin_label=&#8221;T\u00edtulo %91Autom\u00e1tico%93&#8243; _builder_version=&#8221;4.16&#8243; _dynamic_attributes=&#8221;content&#8221; _module_preset=&#8221;ffb3d2c3-4648-4e86-8f79-a4a74e1e4db3&#8243; custom_css_main_element=&#8221;margin-top: auto;&#8221; global_colors_info=&#8221;{}&#8221;]@ET-DC@eyJkeW5hbWljIjp0cnVlLCJjb250ZW50IjoicG9zdF90aXRsZSIsInNldHRpbmdzIjp7ImJlZm9yZSI6IiIsImFmdGVyIjoiIn19@[\/et_pb_text][et_pb_text admin_label=&#8221;Categorias %91Manual%93&#8243; _builder_version=&#8221;4.27.2&#8243; _module_preset=&#8221;af543a65-a510-4d5a-bd0e-f29b21297a1d&#8221; text_font_size=&#8221;20px&#8221; custom_margin=&#8221;10px||10px||false|false&#8221; hover_enabled=&#8221;0&#8243; locked=&#8221;off&#8221; global_colors_info=&#8221;{}&#8221; sticky_enabled=&#8221;0&#8243;]<\/p>\n<p>Fashion, Sustainability<\/p>\n<p>[\/et_pb_text][et_pb_text admin_label=&#8221;Data de Publica\u00e7\u00e3o %91Autom\u00e1tico%93&#8243; _builder_version=&#8221;4.16&#8243; _dynamic_attributes=&#8221;content&#8221; _module_preset=&#8221;d2dc128f-cae5-47f5-9811-47f798050d09&#8243; locked=&#8221;off&#8221; global_colors_info=&#8221;{}&#8221; custom_css_main_element_last_edited=&#8221;off|desktop&#8221; custom_css_main_element_tablet=&#8221;position: relative!important;||width: fit-content!important;&#8221; custom_css_main_element_phone=&#8221;position: relative!important;||width: fit-content!important;&#8221;]@ET-DC@eyJkeW5hbWljIjp0cnVlLCJjb250ZW50IjoicG9zdF9kYXRlIiwic2V0dGluZ3MiOnsiYmVmb3JlIjoiIiwiYWZ0ZXIiOiIiLCJkYXRlX2Zvcm1hdCI6ImRlZmF1bHQiLCJjdXN0b21fZGF0ZV9mb3JtYXQiOiIifX0=@[\/et_pb_text][\/et_pb_column][\/et_pb_row][\/et_pb_section][et_pb_section fb_built=&#8221;1&#8243; admin_label=&#8221;News&#8221; _builder_version=&#8221;4.16&#8243; _module_preset=&#8221;default&#8221; custom_padding=&#8221;0px||0px||false|false&#8221; da_disable_devices=&#8221;off|off|off&#8221; global_colors_info=&#8221;{}&#8221; da_is_popup=&#8221;off&#8221; da_exit_intent=&#8221;off&#8221; da_has_close=&#8221;on&#8221; da_alt_close=&#8221;off&#8221; da_dark_close=&#8221;off&#8221; da_not_modal=&#8221;on&#8221; da_is_singular=&#8221;off&#8221; da_with_loader=&#8221;off&#8221; da_has_shadow=&#8221;on&#8221;][et_pb_row _builder_version=&#8221;4.16&#8243; _module_preset=&#8221;default&#8221; width=&#8221;70%&#8221; width_tablet=&#8221;85%&#8221; width_phone=&#8221;85%&#8221; width_last_edited=&#8221;on|phone&#8221; max_width=&#8221;2560px&#8221; custom_margin=&#8221;50px||||false|false&#8221; custom_padding=&#8221;||||false|true&#8221; custom_css_main_element=&#8221;||&#8221; locked=&#8221;off&#8221; global_colors_info=&#8221;{}&#8221;][et_pb_column type=&#8221;4_4&#8243; _builder_version=&#8221;4.16&#8243; _module_preset=&#8221;default&#8221; background_color=&#8221;RGBA(255,255,255,0)&#8221; custom_css_main_element=&#8221;width: 100%!important;&#8221; global_colors_info=&#8221;{}&#8221;][et_pb_text _builder_version=&#8221;4.27.2&#8243; _module_preset=&#8221;af543a65-a510-4d5a-bd0e-f29b21297a1d&#8221; header_3_font=&#8221;Inter|700|||||||&#8221; locked=&#8221;off&#8221; global_colors_info=&#8221;{}&#8221;]<\/p>\n<p><strong>MUDE \u2013 Museu do Design<\/strong>, in Lisbon, is the host and co-organizer of the international conference <strong>\u201cCodes of Conduct. Responsibility and Ethics in Fashion Heritage\u201d<\/strong> by the <strong>European Fashion Heritage Association (EFHA)<\/strong>, of which it is a founding member. The event will take place on <strong>November 21st and 22nd<\/strong> at <strong>MUDE<\/strong>, with <strong>free entry<\/strong> and <strong>mandatory registration, <a href=\"https:\/\/pretix.eu\/EFHA\/codesofconduct\/\" target=\"_blank\" rel=\"noopener\">here.<\/a><\/strong><\/p>\n<p><strong>\u201cCodes of Conduct. Responsibility and Ethics in Fashion Heritage\u201d<\/strong> aims to discuss current challenges, as well as propose a new path for the future of fashion heritage preservation. Through discussions and exchanges of ideas, it seeks to promote more responsible and ethical management, considering both the historical significance of fashion collections and the needs of present and future generations.<\/p>\n<p>At a time when cultural institutions are being challenged to reinvent themselves in the face of new social and technological realities, the conference offers an opportunity to think about fashion as cultural heritage in a more inclusive, sustainable, and ethical way.<\/p>\n<p>During the two-day event, renowned national and international experts will share their experiences and research, addressing topics such as the relationship between private and public collections, the role of cultural institutions in education and the promotion of diversity, the ethics of preserving and exhibiting fashion collections, among others.<\/p>\n<p>On the first day, the panel &#8220;The Private and the Public: Modes of Intersection&#8221; will discuss the interplay between public institutions and private collectors, with presentations by experts such as Annick Schramme &amp; Laura D\u2019hoore from the University of Antwerp, and Piotr Szaradowski from the Muzealne Mody Foundation. The panel &#8220;Backstage \/ Frontstage &#8211; Curatorial Responsibility&#8221; will focus on curatorial responsibilities, the ethics of preserving and displaying, with contributions from professionals such as Cyana Madsen from the London College of Fashion, and Anabela Becho and In\u00eas Matias from MUDE \u2013 Museu do Design, in Lisbon.<\/p>\n<p>On the second day, the panel &#8220;Re-Mapping Fashion: Politics &amp; Poetics of Local Heritage&#8221; will focus on local heritage and craft practices, bringing perspectives from experts such as Ornella Cirillo, Vicenza Caterino, Andrea Chiara Bonanno from the University of Campania Luigi Vanvitelli, and Binil Mohan from JK Lakshmipat University.<\/p>\n<p>Other panels will explore new policies and perspectives to rethink and preserve fashion collections, as well as the challenges related to the conservation of historical objects.<\/p>\n<p>The main goal of the event is to present new perspectives on how to ensure that the legacy of fashion is preserved and shared in a fair and responsible manner, benefiting both the present and the future.<\/p>\n<p>&nbsp;<\/p>\n<p>PHOTO: MUDE \/ Lu\u00edsa Ferreira 2021<br \/>Storytailors, Kimono Jacket Cross Stitch Skirt | &#8220;Nark\u00eb, The story of a dress&#8221; Collection<\/p>\n<p>[\/et_pb_text][\/et_pb_column][\/et_pb_row][\/et_pb_section][et_pb_section fb_built=&#8221;1&#8243; disabled_on=&#8221;off|off|off&#8221; admin_label=&#8221;Related News&#8221; _builder_version=&#8221;4.27.2&#8243; _module_preset=&#8221;default&#8221; custom_padding=&#8221;||||false|false&#8221; da_disable_devices=&#8221;off|off|off&#8221; global_colors_info=&#8221;{}&#8221; da_is_popup=&#8221;off&#8221; da_exit_intent=&#8221;off&#8221; da_has_close=&#8221;on&#8221; da_alt_close=&#8221;off&#8221; da_dark_close=&#8221;off&#8221; da_not_modal=&#8221;on&#8221; da_is_singular=&#8221;off&#8221; da_with_loader=&#8221;off&#8221; da_has_shadow=&#8221;on&#8221;][et_pb_row _builder_version=&#8221;4.16&#8243; _module_preset=&#8221;default&#8221; width=&#8221;95%&#8221; width_tablet=&#8221;85%&#8221; width_phone=&#8221;85%&#8221; width_last_edited=&#8221;on|tablet&#8221; max_width=&#8221;2560px&#8221; custom_margin=&#8221;||25px||false|false&#8221; custom_padding=&#8221;0px||0px||true|true&#8221; locked=&#8221;off&#8221; global_colors_info=&#8221;{}&#8221;][et_pb_column type=&#8221;4_4&#8243; _builder_version=&#8221;4.16&#8243; _module_preset=&#8221;default&#8221; global_colors_info=&#8221;{}&#8221; custom_css_main_element_last_edited=&#8221;off|tablet&#8221; custom_css_main_element_tablet=&#8221;width: 50%!important;&#8221; custom_css_main_element_phone=&#8221;width: 65%!important;&#8221;][et_pb_text _builder_version=&#8221;4.27.2&#8243; _module_preset=&#8221;af543a65-a510-4d5a-bd0e-f29b21297a1d&#8221; global_colors_info=&#8221;{}&#8221;]<\/p>\n<h2>RELATED<\/h2>\n<p>[\/et_pb_text][\/et_pb_column][\/et_pb_row][et_pb_row _builder_version=&#8221;4.16&#8243; _module_preset=&#8221;default&#8221; width=&#8221;95%&#8221; width_tablet=&#8221;85%&#8221; width_phone=&#8221;85%&#8221; width_last_edited=&#8221;on|tablet&#8221; max_width=&#8221;2560px&#8221; custom_padding=&#8221;0px||0px||true|false&#8221; locked=&#8221;off&#8221; global_colors_info=&#8221;{}&#8221;][et_pb_column type=&#8221;4_4&#8243; _builder_version=&#8221;4.16&#8243; _module_preset=&#8221;default&#8221; global_colors_info=&#8221;{}&#8221;][dsm_blog_carousel include_categories=&#8221;235,237&#8243; loop=&#8221;off&#8221; _builder_version=&#8221;4.27.2&#8243; _module_preset=&#8221;0e17602a-d383-450f-bb28-cf494f4e420d&#8221; hover_enabled=&#8221;0&#8243; global_colors_info=&#8221;{}&#8221; sticky_enabled=&#8221;0&#8243;][\/dsm_blog_carousel][\/et_pb_column][\/et_pb_row][\/et_pb_section]<\/p>\n","protected":false},"excerpt":{"rendered":"<p>The conference will take place on November 21st and 22nd at MUDE, with free entry and mandatory registration.<\/p>\n","protected":false},"author":2,"featured_media":143146,"comment_status":"closed","ping_status":"closed","sticky":false,"template":"","format":"standard","meta":{"_acf_changed":false,"_et_pb_use_builder":"on","_et_pb_old_content":"","_et_gb_content_width":"","inline_featured_image":false,"footnotes":""},"categories":[147,135,235,237],"tags":[313],"class_list":["post-143190","post","type-post","status-publish","format-standard","has-post-thumbnail","hentry","category-highlight-news","category-news","category-news-fashion","category-news-sustainability","tag-modalisboa-en","cat_ID-147","cat_ID-135","cat_ID-235","cat_ID-237"],"acf":[],"_links":{"self":[{"href":"https:\/\/modalisboa.pt\/en\/wp-json\/wp\/v2\/posts\/143190","targetHints":{"allow":["GET"]}}],"collection":[{"href":"https:\/\/modalisboa.pt\/en\/wp-json\/wp\/v2\/posts"}],"about":[{"href":"https:\/\/modalisboa.pt\/en\/wp-json\/wp\/v2\/types\/post"}],"author":[{"embeddable":true,"href":"https:\/\/modalisboa.pt\/en\/wp-json\/wp\/v2\/users\/2"}],"replies":[{"embeddable":true,"href":"https:\/\/modalisboa.pt\/en\/wp-json\/wp\/v2\/comments?post=143190"}],"version-history":[{"count":4,"href":"https:\/\/modalisboa.pt\/en\/wp-json\/wp\/v2\/posts\/143190\/revisions"}],"predecessor-version":[{"id":143255,"href":"https:\/\/modalisboa.pt\/en\/wp-json\/wp\/v2\/posts\/143190\/revisions\/143255"}],"wp:featuredmedia":[{"embeddable":true,"href":"https:\/\/modalisboa.pt\/en\/wp-json\/wp\/v2\/media\/143146"}],"wp:attachment":[{"href":"https:\/\/modalisboa.pt\/en\/wp-json\/wp\/v2\/media?parent=143190"}],"wp:term":[{"taxonomy":"category","embeddable":true,"href":"https:\/\/modalisboa.pt\/en\/wp-json\/wp\/v2\/categories?post=143190"},{"taxonomy":"post_tag","embeddable":true,"href":"https:\/\/modalisboa.pt\/en\/wp-json\/wp\/v2\/tags?post=143190"}],"curies":[{"name":"wp","href":"https:\/\/api.w.org\/{rel}","templated":true}]}}