{"id":26389,"date":"2023-09-27T13:49:43","date_gmt":"2023-09-27T13:49:43","guid":{"rendered":"https:\/\/modalisboa.pt\/sem-categoria\/obscuro-dominio-tem-antestreia-na-modalisboa-a-la-carte-2\/"},"modified":"2023-09-28T11:20:42","modified_gmt":"2023-09-28T11:20:42","slug":"obscuro-dominio-has-preview-at-modalisboa-a-la-carte-2","status":"publish","type":"post","link":"https:\/\/modalisboa.pt\/en\/modalisboa-a-la-carte-en\/news-carte\/obscuro-dominio-has-preview-at-modalisboa-a-la-carte-2\/","title":{"rendered":"OBSCURO DOM\u00cdNIO HAS PREVIEW AT MODALISBOA \u00c0 LA CARTE"},"content":{"rendered":"<p>[et_pb_section fb_built=&#8221;1&#8243; admin_label=&#8221;Header&#8221; _builder_version=&#8221;4.16&#8243; _module_preset=&#8221;default&#8221; custom_padding=&#8221;0px||0px||false|false&#8221; da_disable_devices=&#8221;off|off|off&#8221; locked=&#8221;off&#8221; global_colors_info=&#8221;{}&#8221; da_is_popup=&#8221;off&#8221; da_exit_intent=&#8221;off&#8221; da_has_close=&#8221;on&#8221; da_alt_close=&#8221;off&#8221; da_dark_close=&#8221;off&#8221; da_not_modal=&#8221;on&#8221; da_is_singular=&#8221;off&#8221; da_with_loader=&#8221;off&#8221; da_has_shadow=&#8221;on&#8221;][et_pb_row _builder_version=&#8221;4.16&#8243; _module_preset=&#8221;default&#8221; width=&#8221;100%&#8221; max_width=&#8221;2560px&#8221; custom_padding=&#8221;0px||0px||false|false&#8221; global_colors_info=&#8221;{}&#8221;][et_pb_column type=&#8221;4_4&#8243; _builder_version=&#8221;4.16&#8243; _module_preset=&#8221;default&#8221; global_colors_info=&#8221;{}&#8221;][et_pb_slider _builder_version=&#8221;4.19.5&#8243; _module_preset=&#8221;fdf34095-bc39-43c6-98b5-b76e816b2824&#8243; global_colors_info=&#8221;{}&#8221;][et_pb_slide _builder_version=&#8221;4.19.5&#8243; _module_preset=&#8221;default&#8221; header_text_color=&#8221;RGBA(255,255,255,0)&#8221; body_font=&#8221;Inter||||||||&#8221; body_text_align=&#8221;left&#8221; body_text_color=&#8221;RGBA(255,255,255,0)&#8221; body_font_size=&#8221;20px&#8221; background_enable_color=&#8221;off&#8221; background_color_gradient_start=&#8221;rgba(0,0,0,0.22)&#8221; background_color_gradient_end=&#8221;rgba(0,0,0,0.22)&#8221; background_image=&#8221;https:\/\/modalisboa.pt\/wp-content\/uploads\/2023\/09\/obscurodominio_header_desktop.jpg&#8221; background_enable_image=&#8221;on&#8221; background_position=&#8221;top_center&#8221; background_enable_video_mp4=&#8221;off&#8221; button_alignment=&#8221;left&#8221; background_last_edited=&#8221;on|phone&#8221; background_image_tablet=&#8221;https:\/\/modalisboa.pt\/wp-content\/uploads\/2023\/09\/obscurodominio_header_tablet.jpg&#8221; background_image_phone=&#8221;https:\/\/modalisboa.pt\/wp-content\/uploads\/2023\/09\/obscurodominio_header_mobile.jpg&#8221; background_enable_image_tablet=&#8221;on&#8221; background_enable_image_phone=&#8221;on&#8221; custom_css_slide_button=&#8221;pointer-events: none;&#8221; global_colors_info=&#8221;{}&#8221; sticky_transition=&#8221;on&#8221;][\/et_pb_slide][\/et_pb_slider][\/et_pb_column][\/et_pb_row][\/et_pb_section][et_pb_section fb_built=&#8221;1&#8243; admin_label=&#8221;Not\u00edcia&#8221; _builder_version=&#8221;4.19.0&#8243; _module_preset=&#8221;default&#8221; custom_padding=&#8221;0px||0px||false|false&#8221; da_disable_devices=&#8221;off|off|off&#8221; global_colors_info=&#8221;{}&#8221; da_is_popup=&#8221;off&#8221; da_exit_intent=&#8221;off&#8221; da_has_close=&#8221;on&#8221; da_alt_close=&#8221;off&#8221; da_dark_close=&#8221;off&#8221; da_not_modal=&#8221;on&#8221; da_is_singular=&#8221;off&#8221; da_with_loader=&#8221;off&#8221; da_has_shadow=&#8221;on&#8221;][et_pb_row _builder_version=&#8221;4.16&#8243; _module_preset=&#8221;default&#8221; width=&#8221;70%&#8221; width_tablet=&#8221;85%&#8221; width_phone=&#8221;85%&#8221; width_last_edited=&#8221;on|phone&#8221; max_width=&#8221;2560px&#8221; custom_margin=&#8221;50px||||false|false&#8221; custom_padding=&#8221;||||false|true&#8221; custom_css_main_element=&#8221;||&#8221; locked=&#8221;off&#8221; global_colors_info=&#8221;{}&#8221;][et_pb_column type=&#8221;4_4&#8243; _builder_version=&#8221;4.16&#8243; _module_preset=&#8221;default&#8221; background_color=&#8221;RGBA(255,255,255,0)&#8221; custom_css_main_element=&#8221;width: 100%!important;&#8221; global_colors_info=&#8221;{}&#8221;][et_pb_text admin_label=&#8221;T\u00edtulo %91Autom\u00e1tico%93&#8243; _builder_version=&#8221;4.19.5&#8243; _dynamic_attributes=&#8221;content&#8221; _module_preset=&#8221;ffb3d2c3-4648-4e86-8f79-a4a74e1e4db3&#8243; locked=&#8221;off&#8221; global_colors_info=&#8221;{}&#8221;]@ET-DC@eyJkeW5hbWljIjp0cnVlLCJjb250ZW50IjoicG9zdF90aXRsZSIsInNldHRpbmdzIjp7ImJlZm9yZSI6IiIsImFmdGVyIjoiIn19@[\/et_pb_text][et_pb_text admin_label=&#8221;Categorias %91Manual%93&#8243; _builder_version=&#8221;4.19.5&#8243; _module_preset=&#8221;af543a65-a510-4d5a-bd0e-f29b21297a1d&#8221; text_font_size=&#8221;20px&#8221; custom_margin=&#8221;10px||10px||false|false&#8221; global_colors_info=&#8221;{}&#8221;]<\/p>\n<p>ModaLisboa \u00c0 La Carte<\/p>\n<p>[\/et_pb_text][et_pb_text admin_label=&#8221;Data de Publica\u00e7\u00e3o %91Autom\u00e1tico%93&#8243; _builder_version=&#8221;4.16&#8243; _dynamic_attributes=&#8221;content&#8221; _module_preset=&#8221;d2dc128f-cae5-47f5-9811-47f798050d09&#8243; global_colors_info=&#8221;{}&#8221;]@ET-DC@eyJkeW5hbWljIjp0cnVlLCJjb250ZW50IjoicG9zdF9kYXRlIiwic2V0dGluZ3MiOnsiYmVmb3JlIjoiIiwiYWZ0ZXIiOiIiLCJkYXRlX2Zvcm1hdCI6ImRlZmF1bHQiLCJjdXN0b21fZGF0ZV9mb3JtYXQiOiIifX0=@[\/et_pb_text][et_pb_text admin_label=&#8221;Conte\u00fado&#8221; _builder_version=&#8221;4.19.5&#8243; _module_preset=&#8221;af543a65-a510-4d5a-bd0e-f29b21297a1d&#8221; header_3_font=&#8221;Inter|700|||||||&#8221; custom_margin=&#8221;30px||0px||false|false&#8221; locked=&#8221;off&#8221; global_colors_info=&#8221;{}&#8221;]<\/p>\n<p><strong>Obscuro dom\u00ednio<\/strong>,\u00a0<strong>Daniel Gorj\u00e3o<\/strong>&#8216;s new creation for<strong> RTP2<\/strong> that celebrates the centennial of the monumental Eug\u00e9nio de Andrade, has its preview at <strong>MODALISBOA \u00c0 LA CARTE<\/strong>.<\/p>\n<p>On <strong>7 October,<\/strong> at <strong>10.30pm<\/strong>, Lisboa Fashion Week sets the table for its guests in a moment of yearning and catharsis that unites\u00a0the piano with performance and words.\u00a0Obscuro dom\u00edniopremieres on RTP2 on 14 October at 10pm.<\/p>\n<p>&#8220;Obscuro dom\u00ednio is a filmed show that commemorates Eug\u00e9nio de Andrade&#8217;s centenary. It is the realisation of his poetics\u00a0in an open space and in the bodies of three performers and a pianist. It&#8217;s a hybrid object that fuses the language of theatre with that of television, and both of them with poetry, materialising themes that run throughout Eug\u00e9nio de Andrade&#8217;s work, such as\u00a0nature, desire, death and the craft of poetry itself.\u00a0Obscuro dom\u00ednio is the place where poetry becomes a body, where this body meets other bodies, where these bodies are transfigured\u00a0into a sensory, limpid, burning, solar landscape.&#8221; Daniel Gorj\u00e3o<\/p>\n<p>&nbsp;<\/p>\n<p>&nbsp;<\/p>\n<p>[\/et_pb_text][\/et_pb_column][\/et_pb_row][\/et_pb_section][et_pb_section fb_built=&#8221;1&#8243; admin_label=&#8221;Related News&#8221; _builder_version=&#8221;4.16&#8243; _module_preset=&#8221;default&#8221; custom_padding=&#8221;0px||||false|false&#8221; da_disable_devices=&#8221;off|off|off&#8221; global_colors_info=&#8221;{}&#8221; da_is_popup=&#8221;off&#8221; da_exit_intent=&#8221;off&#8221; da_has_close=&#8221;on&#8221; da_alt_close=&#8221;off&#8221; da_dark_close=&#8221;off&#8221; da_not_modal=&#8221;on&#8221; da_is_singular=&#8221;off&#8221; da_with_loader=&#8221;off&#8221; da_has_shadow=&#8221;on&#8221;][et_pb_row _builder_version=&#8221;4.19.5&#8243; _module_preset=&#8221;default&#8221; width=&#8221;95%&#8221; width_tablet=&#8221;85%&#8221; width_phone=&#8221;85%&#8221; width_last_edited=&#8221;on|tablet&#8221; max_width=&#8221;2560px&#8221; custom_margin=&#8221;||25px||false|false&#8221; custom_padding=&#8221;0px||0px||true|true&#8221; locked=&#8221;off&#8221; global_colors_info=&#8221;{}&#8221;][et_pb_column type=&#8221;4_4&#8243; _builder_version=&#8221;4.19.5&#8243; _module_preset=&#8221;default&#8221; global_colors_info=&#8221;{}&#8221; custom_css_main_element_last_edited=&#8221;off|desktop&#8221; custom_css_main_element_tablet=&#8221;width: 50%!important;&#8221; custom_css_main_element_phone=&#8221;width: 65%!important;&#8221;][et_pb_text admin_label=&#8221;Relacionadas&#8221; _builder_version=&#8221;4.19.5&#8243; _module_preset=&#8221;af543a65-a510-4d5a-bd0e-f29b21297a1d&#8221; global_colors_info=&#8221;{}&#8221;]<\/p>\n<h2>RELATED<\/h2>\n<p>[\/et_pb_text][\/et_pb_column][\/et_pb_row][et_pb_row _builder_version=&#8221;4.16&#8243; _module_preset=&#8221;default&#8221; width=&#8221;95%&#8221; width_tablet=&#8221;85%&#8221; width_phone=&#8221;85%&#8221; width_last_edited=&#8221;on|tablet&#8221; max_width=&#8221;2560px&#8221; custom_padding=&#8221;0px||0px||true|false&#8221; locked=&#8221;off&#8221; global_colors_info=&#8221;{}&#8221;][et_pb_column type=&#8221;4_4&#8243; _builder_version=&#8221;4.16&#8243; _module_preset=&#8221;default&#8221; global_colors_info=&#8221;{}&#8221;][dsm_blog_carousel posts_number=&#8221;100&#8243; include_categories=&#8221;297&#8243; loop=&#8221;off&#8221; _builder_version=&#8221;4.19.5&#8243; _module_preset=&#8221;0e17602a-d383-450f-bb28-cf494f4e420d&#8221; global_colors_info=&#8221;{}&#8221;][\/dsm_blog_carousel][\/et_pb_column][\/et_pb_row][\/et_pb_section]<\/p>\n","protected":false},"excerpt":{"rendered":"<p>Obscuro dom\u00ednio,\u00a0Daniel Gorj\u00e3o&#8217;s new creation for RTP2 that celebrates the centennial of the monumental Eug\u00e9nio de Andrade, has its preview at MODALISBOA \u00c0 LA CARTE.\u00a0<\/p>\n","protected":false},"author":2,"featured_media":26652,"comment_status":"closed","ping_status":"closed","sticky":false,"template":"","format":"standard","meta":{"_acf_changed":false,"_et_pb_use_builder":"on","_et_pb_old_content":"","_et_gb_content_width":"","inline_featured_image":false,"footnotes":""},"categories":[310,297],"tags":[313,317],"class_list":["post-26389","post","type-post","status-publish","format-standard","has-post-thumbnail","hentry","category-highlight-news-carte-en","category-news-carte","tag-modalisboa-en","tag-modalisboa-a-la-carte-en","cat_ID-310","cat_ID-297"],"acf":[],"_links":{"self":[{"href":"https:\/\/modalisboa.pt\/en\/wp-json\/wp\/v2\/posts\/26389","targetHints":{"allow":["GET"]}}],"collection":[{"href":"https:\/\/modalisboa.pt\/en\/wp-json\/wp\/v2\/posts"}],"about":[{"href":"https:\/\/modalisboa.pt\/en\/wp-json\/wp\/v2\/types\/post"}],"author":[{"embeddable":true,"href":"https:\/\/modalisboa.pt\/en\/wp-json\/wp\/v2\/users\/2"}],"replies":[{"embeddable":true,"href":"https:\/\/modalisboa.pt\/en\/wp-json\/wp\/v2\/comments?post=26389"}],"version-history":[{"count":5,"href":"https:\/\/modalisboa.pt\/en\/wp-json\/wp\/v2\/posts\/26389\/revisions"}],"predecessor-version":[{"id":26584,"href":"https:\/\/modalisboa.pt\/en\/wp-json\/wp\/v2\/posts\/26389\/revisions\/26584"}],"wp:featuredmedia":[{"embeddable":true,"href":"https:\/\/modalisboa.pt\/en\/wp-json\/wp\/v2\/media\/26652"}],"wp:attachment":[{"href":"https:\/\/modalisboa.pt\/en\/wp-json\/wp\/v2\/media?parent=26389"}],"wp:term":[{"taxonomy":"category","embeddable":true,"href":"https:\/\/modalisboa.pt\/en\/wp-json\/wp\/v2\/categories?post=26389"},{"taxonomy":"post_tag","embeddable":true,"href":"https:\/\/modalisboa.pt\/en\/wp-json\/wp\/v2\/tags?post=26389"}],"curies":[{"name":"wp","href":"https:\/\/api.w.org\/{rel}","templated":true}]}}