{"id":28926,"date":"2023-10-04T20:24:07","date_gmt":"2023-10-04T20:24:07","guid":{"rendered":"https:\/\/modalisboa.pt\/sem-categoria\/modalisboa-a-la-carte-7\/"},"modified":"2023-10-05T21:47:54","modified_gmt":"2023-10-05T21:47:54","slug":"modalisboa-a-la-carte-7","status":"publish","type":"post","link":"https:\/\/modalisboa.pt\/en\/modalisboa-a-la-carte-en\/community-carte-en\/modalisboa-a-la-carte-7\/","title":{"rendered":"ModaLisboa \u00c0 La Carte"},"content":{"rendered":"<p>[et_pb_section fb_built=&#8221;1&#8243; _builder_version=&#8221;4.16&#8243; _module_preset=&#8221;default&#8221; custom_padding=&#8221;0px||||false|false&#8221; da_disable_devices=&#8221;off|off|off&#8221; locked=&#8221;off&#8221; global_colors_info=&#8221;{}&#8221; da_is_popup=&#8221;off&#8221; da_exit_intent=&#8221;off&#8221; da_has_close=&#8221;on&#8221; da_alt_close=&#8221;off&#8221; da_dark_close=&#8221;off&#8221; da_not_modal=&#8221;on&#8221; da_is_singular=&#8221;off&#8221; da_with_loader=&#8221;off&#8221; da_has_shadow=&#8221;on&#8221;][et_pb_row column_structure=&#8221;2_5,3_5&#8243; use_custom_gutter=&#8221;on&#8221; gutter_width=&#8221;2&#8243; _builder_version=&#8221;4.16&#8243; _module_preset=&#8221;default&#8221; width=&#8221;95%&#8221; width_tablet=&#8221;85%&#8221; width_phone=&#8221;85%&#8221; width_last_edited=&#8221;on|phone&#8221; max_width=&#8221;2560px&#8221; custom_margin=&#8221;50px||||false|false&#8221; global_colors_info=&#8221;{}&#8221;][et_pb_column type=&#8221;2_5&#8243; _builder_version=&#8221;4.16&#8243; _module_preset=&#8221;default&#8221; background_enable_image=&#8221;off&#8221; background_last_edited=&#8221;on|tablet&#8221; background_enable_image_tablet=&#8221;off&#8221; global_colors_info=&#8221;{}&#8221;][et_pb_image src=&#8221;https:\/\/modalisboa.pt\/wp-content\/uploads\/2023\/10\/a_la_carte_07.jpg&#8221; title_text=&#8221;a_la_carte_07&#8243; force_fullwidth=&#8221;on&#8221; src_tablet=&#8221;https:\/\/modalisboa.pt\/wp-content\/uploads\/2022\/03\/behen-648&#215;969-upscale1.jpg&#8221; src_phone=&#8221;https:\/\/modalisboa.pt\/wp-content\/uploads\/2022\/03\/behen-648&#215;969-upscale1.jpg&#8221; src_last_edited=&#8221;off|desktop&#8221; _builder_version=&#8221;4.19.5&#8243; _module_preset=&#8221;default&#8221; custom_margin_tablet=&#8221;||25px||false|false&#8221; custom_margin_phone=&#8221;||25px||false|false&#8221; custom_margin_last_edited=&#8221;on|tablet&#8221; global_colors_info=&#8221;{}&#8221;][\/et_pb_image][\/et_pb_column][et_pb_column type=&#8221;3_5&#8243; _builder_version=&#8221;4.16&#8243; _module_preset=&#8221;default&#8221; global_colors_info=&#8221;{}&#8221;][et_pb_text admin_label=&#8221;T\u00edtulo&#8221; _builder_version=&#8221;4.19.5&#8243; _module_preset=&#8221;af543a65-a510-4d5a-bd0e-f29b21297a1d&#8221; custom_margin=&#8221;||25px||false|false&#8221; hover_enabled=&#8221;0&#8243; locked=&#8221;off&#8221; global_colors_info=&#8221;{}&#8221; sticky_enabled=&#8221;0&#8243;]<\/p>\n<h2><strong>MODALISBOA \u00c0 LA CARTE<br \/><\/strong><\/h2>\n<p>[\/et_pb_text][et_pb_text _builder_version=&#8221;4.19.5&#8243; _module_preset=&#8221;af543a65-a510-4d5a-bd0e-f29b21297a1d&#8221; custom_margin=&#8221;0px||25px||false|false&#8221; custom_padding=&#8221;0px||||false|false&#8221; hover_enabled=&#8221;0&#8243; global_colors_info=&#8221;{}&#8221; sticky_enabled=&#8221;0&#8243;]<\/p>\n<p>Three days to satisfy your hunger. <strong>MODALISBOA \u00c0 LA CARTE<\/strong> is coming soon.<\/p>\n<p><strong>CAMPAIGN:<\/strong><strong><br \/><\/strong>Concept: ModaLisboa<br \/>Photo: Lu\u00eds Gala<br \/>Food Styling: Pedro Brito \/ Cracked Bolos<br \/>Hair: Helena Vaz Pereira \/ GriffeHairstyle<br \/>Make-Up: Joana Lopes assisted by Alexandre Castanheira for Ant\u00f3nia Rosa Atelier with Clarins products<br \/>Casting: Devon (We Are Models), Rodrigo Almeida (We Are Models); Rainara (Face Models)<\/p>\n<p>Special Thanks: We Are Action, STP Audiovisuais, Planar.<\/p>\n<p>[\/et_pb_text][\/et_pb_column][\/et_pb_row][\/et_pb_section]<\/p>\n","protected":false},"excerpt":{"rendered":"<p>MODALISBOA \u00c0 LA CARTEThree days to satisfy your hunger. MODALISBOA \u00c0 LA CARTE is coming soon. CAMPAIGN:Concept: ModaLisboaPhoto: Lu\u00eds GalaFood Styling: Pedro Brito \/ Cracked BolosHair: Helena Vaz Pereira \/ GriffeHairstyleMake-Up: Joana Lopes assisted by Alexandre Castanheira for Ant\u00f3nia Rosa Atelier with Clarins productsCasting: Devon (We Are Models), Rodrigo Almeida (We Are Models); Rainara (Face Models) Special Thanks: We Are Action, STP Audiovisuais, Planar.<\/p>\n","protected":false},"author":2,"featured_media":28918,"comment_status":"closed","ping_status":"closed","sticky":false,"template":"","format":"standard","meta":{"_acf_changed":false,"_et_pb_use_builder":"on","_et_pb_old_content":"","_et_gb_content_width":"","inline_featured_image":false,"footnotes":""},"categories":[290,308,292],"tags":[],"class_list":["post-28926","post","type-post","status-publish","format-standard","has-post-thumbnail","hentry","category-community-carte-en","category-highlight-community-carte-en","category-image-carte","cat_ID-290","cat_ID-308","cat_ID-292"],"acf":[],"_links":{"self":[{"href":"https:\/\/modalisboa.pt\/en\/wp-json\/wp\/v2\/posts\/28926","targetHints":{"allow":["GET"]}}],"collection":[{"href":"https:\/\/modalisboa.pt\/en\/wp-json\/wp\/v2\/posts"}],"about":[{"href":"https:\/\/modalisboa.pt\/en\/wp-json\/wp\/v2\/types\/post"}],"author":[{"embeddable":true,"href":"https:\/\/modalisboa.pt\/en\/wp-json\/wp\/v2\/users\/2"}],"replies":[{"embeddable":true,"href":"https:\/\/modalisboa.pt\/en\/wp-json\/wp\/v2\/comments?post=28926"}],"version-history":[{"count":1,"href":"https:\/\/modalisboa.pt\/en\/wp-json\/wp\/v2\/posts\/28926\/revisions"}],"predecessor-version":[{"id":28936,"href":"https:\/\/modalisboa.pt\/en\/wp-json\/wp\/v2\/posts\/28926\/revisions\/28936"}],"wp:featuredmedia":[{"embeddable":true,"href":"https:\/\/modalisboa.pt\/en\/wp-json\/wp\/v2\/media\/28918"}],"wp:attachment":[{"href":"https:\/\/modalisboa.pt\/en\/wp-json\/wp\/v2\/media?parent=28926"}],"wp:term":[{"taxonomy":"category","embeddable":true,"href":"https:\/\/modalisboa.pt\/en\/wp-json\/wp\/v2\/categories?post=28926"},{"taxonomy":"post_tag","embeddable":true,"href":"https:\/\/modalisboa.pt\/en\/wp-json\/wp\/v2\/tags?post=28926"}],"curies":[{"name":"wp","href":"https:\/\/api.w.org\/{rel}","templated":true}]}}