{"id":6049,"date":"2023-01-20T15:00:38","date_gmt":"2023-01-20T15:00:38","guid":{"rendered":"https:\/\/modalisboa.pt\/?p=6049"},"modified":"2025-06-27T10:33:15","modified_gmt":"2025-06-27T10:33:15","slug":"modalisboa-design","status":"publish","type":"post","link":"https:\/\/modalisboa.pt\/en\/projects\/modalisboa-design\/","title":{"rendered":"ModaLisboa Design"},"content":{"rendered":"<p>[et_pb_section fb_built=&#8221;1&#8243; disabled_on=&#8221;on|on|on&#8221; admin_label=&#8221;Header&#8221; _builder_version=&#8221;4.19.0&#8243; _module_preset=&#8221;default&#8221; custom_padding=&#8221;0px||0px||false|false&#8221; da_disable_devices=&#8221;off|off|off&#8221; disabled=&#8221;on&#8221; locked=&#8221;off&#8221; global_colors_info=&#8221;{}&#8221; da_is_popup=&#8221;off&#8221; da_exit_intent=&#8221;off&#8221; da_has_close=&#8221;on&#8221; da_alt_close=&#8221;off&#8221; da_dark_close=&#8221;off&#8221; da_not_modal=&#8221;on&#8221; da_is_singular=&#8221;off&#8221; da_with_loader=&#8221;off&#8221; da_has_shadow=&#8221;on&#8221;][et_pb_row _builder_version=&#8221;4.16&#8243; _module_preset=&#8221;default&#8221; width=&#8221;100%&#8221; max_width=&#8221;2560px&#8221; custom_padding=&#8221;0px||0px||false|false&#8221; global_colors_info=&#8221;{}&#8221;][et_pb_column type=&#8221;4_4&#8243; _builder_version=&#8221;4.16&#8243; _module_preset=&#8221;default&#8221; global_colors_info=&#8221;{}&#8221;][et_pb_slider _builder_version=&#8221;4.19.0&#8243; _module_preset=&#8221;fdf34095-bc39-43c6-98b5-b76e816b2824&#8243; global_colors_info=&#8221;{}&#8221;][et_pb_slide heading=&#8221;MODALISBOA DESIGN&#8221; button_text=&#8221;texto descri\u00e7\u00e3o&#8221; _builder_version=&#8221;4.19.0&#8243; _module_preset=&#8221;default&#8221; header_font_size=&#8221;7.7vw&#8221; body_font=&#8221;Inter||||||||&#8221; body_text_align=&#8221;left&#8221; body_text_color=&#8221;RGBA(255,255,255,0)&#8221; body_font_size=&#8221;20px&#8221; background_enable_color=&#8221;off&#8221; use_background_color_gradient=&#8221;on&#8221; background_color_gradient_stops=&#8221;rgba(0,0,0,0.22) 0%|rgba(0,0,0,0.22) 100%&#8221; background_color_gradient_overlays_image=&#8221;on&#8221; background_color_gradient_start=&#8221;rgba(0,0,0,0.22)&#8221; background_color_gradient_end=&#8221;rgba(0,0,0,0.22)&#8221; background_image=&#8221;https:\/\/modalisboa.pt\/wp-content\/uploads\/2022\/04\/modalisboa_design-648&#215;969-upscale1.jpg&#8221; background_enable_image=&#8221;on&#8221; background_position=&#8221;top_center&#8221; background_vertical_offset=&#8221;66%&#8221; background_enable_video_mp4=&#8221;off&#8221; button_text_size=&#8221;1.5vw&#8221; button_alignment=&#8221;left&#8221; custom_css_slide_button=&#8221;pointer-events: none;&#8221; global_colors_info=&#8221;{}&#8221; sticky_transition=&#8221;on&#8221;][\/et_pb_slide][\/et_pb_slider][\/et_pb_column][\/et_pb_row][\/et_pb_section][et_pb_section fb_built=&#8221;1&#8243; admin_label=&#8221;About Project&#8221; _builder_version=&#8221;4.19.0&#8243; _module_preset=&#8221;default&#8221; custom_padding=&#8221;0px||0px||false|false&#8221; da_disable_devices=&#8221;off|off|off&#8221; locked=&#8221;off&#8221; global_colors_info=&#8221;{}&#8221; da_is_popup=&#8221;off&#8221; da_exit_intent=&#8221;off&#8221; da_has_close=&#8221;on&#8221; da_alt_close=&#8221;off&#8221; da_dark_close=&#8221;off&#8221; da_not_modal=&#8221;on&#8221; da_is_singular=&#8221;off&#8221; da_with_loader=&#8221;off&#8221; da_has_shadow=&#8221;on&#8221;][et_pb_row column_structure=&#8221;1_2,1_2&#8243; use_custom_gutter=&#8221;on&#8221; gutter_width=&#8221;2&#8243; _builder_version=&#8221;4.16&#8243; _module_preset=&#8221;default&#8221; width=&#8221;70%&#8221; width_tablet=&#8221;85%&#8221; width_phone=&#8221;85%&#8221; width_last_edited=&#8221;on|phone&#8221; max_width=&#8221;2560px&#8221; custom_margin=&#8221;50px||||false|false&#8221; global_colors_info=&#8221;{}&#8221;][et_pb_column type=&#8221;1_2&#8243; _builder_version=&#8221;4.16&#8243; _module_preset=&#8221;default&#8221; background_enable_image=&#8221;off&#8221; background_last_edited=&#8221;on|tablet&#8221; background_enable_image_tablet=&#8221;off&#8221; global_colors_info=&#8221;{}&#8221;][et_pb_image src=&#8221;https:\/\/modalisboa.pt\/wp-content\/uploads\/2022\/04\/modalisboa_design.jpg&#8221; title_text=&#8221;modalisboa_design&#8221; force_fullwidth=&#8221;on&#8221; src_tablet=&#8221;https:\/\/modalisboa.pt\/wp-content\/uploads\/2022\/03\/behen-648&#215;969-upscale1.jpg&#8221; src_phone=&#8221;https:\/\/modalisboa.pt\/wp-content\/uploads\/2022\/03\/behen-648&#215;969-upscale1.jpg&#8221; src_last_edited=&#8221;off|desktop&#8221; admin_label=&#8221;Poster&#8221; _builder_version=&#8221;4.19.0&#8243; _module_preset=&#8221;default&#8221; custom_margin_tablet=&#8221;||25px||false|false&#8221; custom_margin_phone=&#8221;||25px||false|false&#8221; custom_margin_last_edited=&#8221;on|tablet&#8221; global_colors_info=&#8221;{}&#8221;][\/et_pb_image][\/et_pb_column][et_pb_column type=&#8221;1_2&#8243; _builder_version=&#8221;4.16&#8243; _module_preset=&#8221;default&#8221; global_colors_info=&#8221;{}&#8221;][et_pb_text admin_label=&#8221;Title&#8221; _builder_version=&#8221;4.19.0&#8243; _module_preset=&#8221;6c5dc4eb-98ee-4120-91ca-c4f9de7b92a6&#8243; custom_margin=&#8221;||25px||false|false&#8221; locked=&#8221;off&#8221; global_colors_info=&#8221;{}&#8221;]<\/p>\n<h1>MODALISBOA DESIGN<\/h1>\n<p>[\/et_pb_text][et_pb_text _builder_version=&#8221;4.27.4&#8243; _module_preset=&#8221;af543a65-a510-4d5a-bd0e-f29b21297a1d&#8221; hover_enabled=&#8221;0&#8243; global_colors_info=&#8221;{}&#8221; sticky_enabled=&#8221;0&#8243;]<\/p>\n<p><strong>2001-2004<\/strong><\/p>\n<p>In 2001, ModaLisboa celebrated its 10th anniversary and inaugurated the <strong>ModaLisboa Design<\/strong> concept store, a space dedicated to the excellence of Portuguese Creation, in Fashion and Design.<\/p>\n<p>Situated in one of the most emblematic Lisbon\u2019s areas, facing the Town Hall Square and integrated in the rehabilitation Project of\u00a0 Terreiro do Pa\u00e7o | Lisboa Welcome Center, ModaLisboa Design was one of the most significant points of sale for the Portuguese Designers and one of the main landmarks of Lisbon, both nationally and internationally.<\/p>\n<p>[\/et_pb_text][\/et_pb_column][\/et_pb_row][\/et_pb_section][et_pb_section fb_built=&#8221;1&#8243; admin_label=&#8221;Gallery&#8221; _builder_version=&#8221;4.16&#8243; _module_preset=&#8221;default&#8221; custom_padding=&#8221;0px||||false|false&#8221; da_disable_devices=&#8221;off|off|off&#8221; global_colors_info=&#8221;{}&#8221; da_is_popup=&#8221;off&#8221; da_exit_intent=&#8221;off&#8221; da_has_close=&#8221;on&#8221; da_alt_close=&#8221;off&#8221; da_dark_close=&#8221;off&#8221; da_not_modal=&#8221;on&#8221; da_is_singular=&#8221;off&#8221; da_with_loader=&#8221;off&#8221; da_has_shadow=&#8221;on&#8221;][et_pb_row _builder_version=&#8221;4.16&#8243; _module_preset=&#8221;default&#8221; width=&#8221;95%&#8221; width_tablet=&#8221;85%&#8221; width_phone=&#8221;85%&#8221; width_last_edited=&#8221;on|tablet&#8221; max_width=&#8221;2560px&#8221; custom_margin=&#8221;50px||||false|false&#8221; custom_padding=&#8221;||||false|true&#8221; locked=&#8221;off&#8221; global_colors_info=&#8221;{}&#8221;][et_pb_column type=&#8221;4_4&#8243; _builder_version=&#8221;4.16&#8243; _module_preset=&#8221;default&#8221; global_colors_info=&#8221;{}&#8221; custom_css_main_element_last_edited=&#8221;on|phone&#8221;][et_pb_text admin_label=&#8221;Gallery Title&#8221; _builder_version=&#8221;4.19.0&#8243; _module_preset=&#8221;af543a65-a510-4d5a-bd0e-f29b21297a1d&#8221; custom_margin=&#8221;||25px||false|false&#8221; global_colors_info=&#8221;{}&#8221;]<\/p>\n<h2>Gallery<\/h2>\n<p>[\/et_pb_text][dsm_masonry_gallery gallery_ids=&#8221;9387,9389,9391,9393,9395,9397,9399,9401,9403&#8243; columns=&#8221;5&#8243; gutter=&#8221;10&#8243; use_lightbox=&#8221;on&#8221; use_horizontal_order=&#8221;off&#8221; _builder_version=&#8221;4.19.0&#8243; _module_preset=&#8221;default&#8221; global_colors_info=&#8221;{}&#8221;][\/dsm_masonry_gallery][\/et_pb_column][\/et_pb_row][\/et_pb_section]<\/p>\n","protected":false},"excerpt":{"rendered":"<p>MODALISBOA DESIGN2001-2004 In 2001, ModaLisboa celebrated its 10th anniversary and inaugurated the ModaLisboa Design concept store, a space dedicated to the excellence of Portuguese Creation, in Fashion and Design. Situated in one of the most emblematic Lisbon\u2019s areas, facing the Town Hall Square and integrated in the rehabilitation Project of\u00a0 Terreiro do Pa\u00e7o | Lisboa Welcome Center, ModaLisboa Design was one of the most significant points of sale for the Portuguese Designers and one of the main landmarks of Lisbon, both nationally and internationally.Gallery<div class=\"et_pb_module dsm_masonry_gallery dsm_masonry_gallery_0\">\n\t\t\t\t\n\t\t\t\t\n\t\t\t\t\n\t\t\t\t\n\t\t\t\t\n\t\t\t\t\n\t\t\t\t<div class=\"et_pb_module_inner\">\n\t\t\t\t\t<div class=\"dsm-gallery grid\" data-lightbox=\"true\" data-horizontalorder=\"false\">\n                <div class=\"grid-sizer\"><\/div><div class=\"gutter-sizer\"><\/div><div class=\"grid-item\">\n                    <a href=\"https:\/\/modalisboa.pt\/wp-content\/uploads\/2022\/04\/modalisboadesign_01.jpg\"  data-title='modalisboadesign_01'  data-caption='' data-mfp-src=\"https:\/\/modalisboa.pt\/wp-content\/uploads\/2022\/04\/modalisboadesign_01.jpg\">\n                        <div class=\"et_pb_image_wrap\">\n                            <img loading=\"lazy\" decoding=\"async\" src=\"https:\/\/modalisboa.pt\/wp-content\/uploads\/2022\/04\/modalisboadesign_01.jpg\" title=\"modalisboadesign_01\" alt=\"\" class=\"dsm-skip-lazyload\" srcset=\"https:\/\/modalisboa.pt\/wp-content\/uploads\/2022\/04\/modalisboadesign_01.jpg 640w, https:\/\/modalisboa.pt\/wp-content\/uploads\/2022\/04\/modalisboadesign_01-480x360.jpg 480w\" sizes=\"(min-width: 0px) and (max-width: 480px) 480px, (min-width: 481px) 640px, 100vw\" width=\"640\" height=\"480\" \/>\n                            \n                        <\/div>\n                    <\/a>\n                <\/div><div class=\"grid-item\">\n                    <a href=\"https:\/\/modalisboa.pt\/wp-content\/uploads\/2022\/04\/modalisboadesign_02.jpg\"  data-title='modalisboadesign_02'  data-caption='' data-mfp-src=\"https:\/\/modalisboa.pt\/wp-content\/uploads\/2022\/04\/modalisboadesign_02.jpg\">\n                        <div class=\"et_pb_image_wrap\">\n                            <img loading=\"lazy\" decoding=\"async\" src=\"https:\/\/modalisboa.pt\/wp-content\/uploads\/2022\/04\/modalisboadesign_02.jpg\" title=\"modalisboadesign_02\" alt=\"\" class=\"dsm-skip-lazyload\" srcset=\"https:\/\/modalisboa.pt\/wp-content\/uploads\/2022\/04\/modalisboadesign_02.jpg 640w, https:\/\/modalisboa.pt\/wp-content\/uploads\/2022\/04\/modalisboadesign_02-480x360.jpg 480w\" sizes=\"(min-width: 0px) and (max-width: 480px) 480px, (min-width: 481px) 640px, 100vw\" width=\"640\" height=\"480\" \/>\n                            \n                        <\/div>\n                    <\/a>\n                <\/div><div class=\"grid-item\">\n                    <a href=\"https:\/\/modalisboa.pt\/wp-content\/uploads\/2022\/04\/modalisboadesign_03.jpg\"  data-title='modalisboadesign_03'  data-caption='' data-mfp-src=\"https:\/\/modalisboa.pt\/wp-content\/uploads\/2022\/04\/modalisboadesign_03.jpg\">\n                        <div class=\"et_pb_image_wrap\">\n                            <img loading=\"lazy\" decoding=\"async\" src=\"https:\/\/modalisboa.pt\/wp-content\/uploads\/2022\/04\/modalisboadesign_03.jpg\" title=\"modalisboadesign_03\" alt=\"\" class=\"dsm-skip-lazyload\" srcset=\"https:\/\/modalisboa.pt\/wp-content\/uploads\/2022\/04\/modalisboadesign_03.jpg 640w, https:\/\/modalisboa.pt\/wp-content\/uploads\/2022\/04\/modalisboadesign_03-480x360.jpg 480w\" sizes=\"(min-width: 0px) and (max-width: 480px) 480px, (min-width: 481px) 640px, 100vw\" width=\"640\" height=\"480\" \/>\n                            \n                        <\/div>\n                    <\/a>\n                <\/div><div class=\"grid-item\">\n                    <a href=\"https:\/\/modalisboa.pt\/wp-content\/uploads\/2022\/04\/modalisboadesign_04.jpg\"  data-title='modalisboadesign_04'  data-caption='' data-mfp-src=\"https:\/\/modalisboa.pt\/wp-content\/uploads\/2022\/04\/modalisboadesign_04.jpg\">\n                        <div class=\"et_pb_image_wrap\">\n                            <img loading=\"lazy\" decoding=\"async\" src=\"https:\/\/modalisboa.pt\/wp-content\/uploads\/2022\/04\/modalisboadesign_04.jpg\" title=\"modalisboadesign_04\" alt=\"\" class=\"dsm-skip-lazyload\" srcset=\"https:\/\/modalisboa.pt\/wp-content\/uploads\/2022\/04\/modalisboadesign_04.jpg 640w, https:\/\/modalisboa.pt\/wp-content\/uploads\/2022\/04\/modalisboadesign_04-480x360.jpg 480w\" sizes=\"(min-width: 0px) and (max-width: 480px) 480px, (min-width: 481px) 640px, 100vw\" width=\"640\" height=\"480\" \/>\n                            \n                        <\/div>\n                    <\/a>\n                <\/div><div class=\"grid-item\">\n                    <a href=\"https:\/\/modalisboa.pt\/wp-content\/uploads\/2022\/04\/modalisboadesign_05.jpg\"  data-title='modalisboadesign_05'  data-caption='' data-mfp-src=\"https:\/\/modalisboa.pt\/wp-content\/uploads\/2022\/04\/modalisboadesign_05.jpg\">\n                        <div class=\"et_pb_image_wrap\">\n                            <img loading=\"lazy\" decoding=\"async\" src=\"https:\/\/modalisboa.pt\/wp-content\/uploads\/2022\/04\/modalisboadesign_05.jpg\" title=\"modalisboadesign_05\" alt=\"\" class=\"dsm-skip-lazyload\" srcset=\"https:\/\/modalisboa.pt\/wp-content\/uploads\/2022\/04\/modalisboadesign_05.jpg 640w, https:\/\/modalisboa.pt\/wp-content\/uploads\/2022\/04\/modalisboadesign_05-480x360.jpg 480w\" sizes=\"(min-width: 0px) and (max-width: 480px) 480px, (min-width: 481px) 640px, 100vw\" width=\"640\" height=\"480\" \/>\n                            \n                        <\/div>\n                    <\/a>\n                <\/div><div class=\"grid-item\">\n                    <a href=\"https:\/\/modalisboa.pt\/wp-content\/uploads\/2022\/04\/modalisboadesign_06.jpg\"  data-title='modalisboadesign_06'  data-caption='' data-mfp-src=\"https:\/\/modalisboa.pt\/wp-content\/uploads\/2022\/04\/modalisboadesign_06.jpg\">\n                        <div class=\"et_pb_image_wrap\">\n                            <img loading=\"lazy\" decoding=\"async\" src=\"https:\/\/modalisboa.pt\/wp-content\/uploads\/2022\/04\/modalisboadesign_06.jpg\" title=\"modalisboadesign_06\" alt=\"\" class=\"dsm-skip-lazyload\" srcset=\"https:\/\/modalisboa.pt\/wp-content\/uploads\/2022\/04\/modalisboadesign_06.jpg 640w, https:\/\/modalisboa.pt\/wp-content\/uploads\/2022\/04\/modalisboadesign_06-480x360.jpg 480w\" sizes=\"(min-width: 0px) and (max-width: 480px) 480px, (min-width: 481px) 640px, 100vw\" width=\"640\" height=\"480\" \/>\n                            \n                        <\/div>\n                    <\/a>\n                <\/div><div class=\"grid-item\">\n                    <a href=\"https:\/\/modalisboa.pt\/wp-content\/uploads\/2022\/04\/modalisboadesign_07.jpg\"  data-title='modalisboadesign_07'  data-caption='' data-mfp-src=\"https:\/\/modalisboa.pt\/wp-content\/uploads\/2022\/04\/modalisboadesign_07.jpg\">\n                        <div class=\"et_pb_image_wrap\">\n                            <img loading=\"lazy\" decoding=\"async\" src=\"https:\/\/modalisboa.pt\/wp-content\/uploads\/2022\/04\/modalisboadesign_07.jpg\" title=\"modalisboadesign_07\" alt=\"\" class=\"dsm-skip-lazyload\" srcset=\"https:\/\/modalisboa.pt\/wp-content\/uploads\/2022\/04\/modalisboadesign_07.jpg 653w, https:\/\/modalisboa.pt\/wp-content\/uploads\/2022\/04\/modalisboadesign_07-480x365.jpg 480w\" sizes=\"(min-width: 0px) and (max-width: 480px) 480px, (min-width: 481px) 653px, 100vw\" width=\"653\" height=\"497\" \/>\n                            \n                        <\/div>\n                    <\/a>\n                <\/div><div class=\"grid-item\">\n                    <a href=\"https:\/\/modalisboa.pt\/wp-content\/uploads\/2022\/04\/modalisboadesign_08.jpg\"  data-title='modalisboadesign_08'  data-caption='' data-mfp-src=\"https:\/\/modalisboa.pt\/wp-content\/uploads\/2022\/04\/modalisboadesign_08.jpg\">\n                        <div class=\"et_pb_image_wrap\">\n                            <img loading=\"lazy\" decoding=\"async\" src=\"https:\/\/modalisboa.pt\/wp-content\/uploads\/2022\/04\/modalisboadesign_08.jpg\" title=\"modalisboadesign_08\" alt=\"\" class=\"dsm-skip-lazyload\" srcset=\"https:\/\/modalisboa.pt\/wp-content\/uploads\/2022\/04\/modalisboadesign_08.jpg 640w, https:\/\/modalisboa.pt\/wp-content\/uploads\/2022\/04\/modalisboadesign_08-480x360.jpg 480w\" sizes=\"(min-width: 0px) and (max-width: 480px) 480px, (min-width: 481px) 640px, 100vw\" width=\"640\" height=\"480\" \/>\n                            \n                        <\/div>\n                    <\/a>\n                <\/div><div class=\"grid-item\">\n                    <a href=\"https:\/\/modalisboa.pt\/wp-content\/uploads\/2022\/04\/modalisboadesign_09.jpg\"  data-title='modalisboadesign_09'  data-caption='' data-mfp-src=\"https:\/\/modalisboa.pt\/wp-content\/uploads\/2022\/04\/modalisboadesign_09.jpg\">\n                        <div class=\"et_pb_image_wrap\">\n                            <img loading=\"lazy\" decoding=\"async\" src=\"https:\/\/modalisboa.pt\/wp-content\/uploads\/2022\/04\/modalisboadesign_09.jpg\" title=\"modalisboadesign_09\" alt=\"\" class=\"dsm-skip-lazyload\" srcset=\"https:\/\/modalisboa.pt\/wp-content\/uploads\/2022\/04\/modalisboadesign_09.jpg 640w, https:\/\/modalisboa.pt\/wp-content\/uploads\/2022\/04\/modalisboadesign_09-480x360.jpg 480w\" sizes=\"(min-width: 0px) and (max-width: 480px) 480px, (min-width: 481px) 640px, 100vw\" width=\"640\" height=\"480\" \/>\n                            \n                        <\/div>\n                    <\/a>\n                <\/div>\n             <\/div>\n\t\t\t\t<\/div>\n\t\t\t<\/div><\/p>\n","protected":false},"author":1,"featured_media":9351,"comment_status":"closed","ping_status":"closed","sticky":false,"template":"","format":"standard","meta":{"_acf_changed":false,"_et_pb_use_builder":"on","_et_pb_old_content":"[et_pb_section fb_built=\"1\" admin_label=\"Header\" _builder_version=\"4.15.1\" _module_preset=\"default\" custom_padding=\"0px||0px||false|false\" da_disable_devices=\"off|off|off\" locked=\"off\" global_colors_info=\"{}\" da_is_popup=\"off\" da_exit_intent=\"off\" da_has_close=\"on\" da_alt_close=\"off\" da_dark_close=\"off\" da_not_modal=\"on\" da_is_singular=\"off\" da_with_loader=\"off\" da_has_shadow=\"on\"][et_pb_row _builder_version=\"4.15.1\" _module_preset=\"default\" width=\"100%\" max_width=\"2560px\" custom_padding=\"0px||0px||false|false\" global_colors_info=\"{}\"][et_pb_column type=\"4_4\" _builder_version=\"4.15.1\" _module_preset=\"default\" global_colors_info=\"{}\"][et_pb_slider _builder_version=\"4.15.1\" _module_preset=\"fdf34095-bc39-43c6-98b5-b76e816b2824\" global_colors_info=\"{}\"][et_pb_slide heading=\"MODALISBOA DESIGN\" _builder_version=\"4.15.1\" _module_preset=\"default\" body_font=\"Inter||||||||\" body_text_align=\"left\" body_text_color=\"RGBA(255,255,255,0)\" body_font_size=\"20px\" background_enable_color=\"off\" use_background_color_gradient=\"on\" background_color_gradient_start=\"rgba(0,0,0,0.22)\" background_color_gradient_end=\"rgba(0,0,0,0.22)\" background_color_gradient_overlays_image=\"on\" background_image=\"https:\/\/modalisboa.pt\/wp-content\/uploads\/2022\/04\/modalisboa_design-648x969-upscale1.jpg\" background_enable_image=\"on\" background_position=\"top_center\" background_vertical_offset=\"66%\" background_enable_video_mp4=\"off\" button_font=\"Inter||||||||\" button_alignment=\"left\" button_custom_margin=\"|||12px|false|false\" custom_css_slide_button=\"pointer-events: none;\" global_colors_info=\"{}\" sticky_transition=\"on\"][\/et_pb_slide][\/et_pb_slider][\/et_pb_column][\/et_pb_row][\/et_pb_section][et_pb_section fb_built=\"1\" admin_label=\"About Edition\" _builder_version=\"4.15.1\" _module_preset=\"default\" custom_padding=\"0px||0px||false|false\" da_disable_devices=\"off|off|off\" locked=\"off\" global_colors_info=\"{}\" da_is_popup=\"off\" da_exit_intent=\"off\" da_has_close=\"on\" da_alt_close=\"off\" da_dark_close=\"off\" da_not_modal=\"on\" da_is_singular=\"off\" da_with_loader=\"off\" da_has_shadow=\"on\"][et_pb_row column_structure=\"1_2,1_2\" use_custom_gutter=\"on\" gutter_width=\"2\" _builder_version=\"4.15.1\" _module_preset=\"default\" width=\"70%\" width_tablet=\"85%\" width_phone=\"85%\" width_last_edited=\"on|phone\" max_width=\"2560px\" custom_margin=\"50px||||false|false\" global_colors_info=\"{}\"][et_pb_column type=\"1_2\" _builder_version=\"4.15.1\" _module_preset=\"default\" background_enable_image=\"off\" background_last_edited=\"on|tablet\" background_enable_image_tablet=\"off\" global_colors_info=\"{}\"][et_pb_image src=\"https:\/\/modalisboa.pt\/wp-content\/uploads\/2022\/04\/modalisboa_design-648x969-upscale1.jpg\" title_text=\"modalisboa_design-648x969-upscale(1)\" force_fullwidth=\"on\" src_tablet=\"https:\/\/modalisboa.pt\/wp-content\/uploads\/2022\/03\/behen-648x969-upscale1.jpg\" src_phone=\"https:\/\/modalisboa.pt\/wp-content\/uploads\/2022\/03\/behen-648x969-upscale1.jpg\" src_last_edited=\"off|desktop\" _builder_version=\"4.15.1\" _module_preset=\"default\" custom_margin_tablet=\"||25px||false|false\" custom_margin_phone=\"||25px||false|false\" custom_margin_last_edited=\"on|tablet\" global_colors_info=\"{}\"][\/et_pb_image][\/et_pb_column][et_pb_column type=\"1_2\" _builder_version=\"4.15.1\" _module_preset=\"default\" global_colors_info=\"{}\"][et_pb_text _builder_version=\"4.15.1\" _module_preset=\"6c5dc4eb-98ee-4120-91ca-c4f9de7b92a6\" custom_margin=\"||25px||false|false\" locked=\"off\" global_colors_info=\"{}\"]<h1>MODALISBOA DESIGN<\/h1>[\/et_pb_text][et_pb_text _builder_version=\"4.15.1\" _module_preset=\"af543a65-a510-4d5a-bd0e-f29b21297a1d\" global_colors_info=\"{}\"]<p><strong>2001-2004<\/strong><\/p>\r\n<p>No ano de 2001 a ModaLisboa comemorou o seu 10\u00ba anivers\u00e1rio e inaugurou a loja<span>\u00a0<\/span><strong>ModaLisboa Design<\/strong>, cujo conceito refletia a mais significativa Cria\u00e7\u00e3o Portuguesa, ao n\u00edvel da Moda e do Design de objetos e equipamento.<\/p>\r\n<p>Situada numa das zonas mais emblem\u00e1ticas de Lisboa, virada para a Pra\u00e7a do Munic\u00edpio e integrada no projeto de reabilita\u00e7\u00e3o da zona do Terreiro do Pa\u00e7o | Lisboa Welcome Center, a ModaLisboa Design foi um dos mais significativos pontos de venda para os Designers Portugueses e um dos principais pontos de refer\u00eancia da cidade de Lisboa, tanto a n\u00edvel nacional como internacional.<\/p>[\/et_pb_text][\/et_pb_column][\/et_pb_row][\/et_pb_section][et_pb_section fb_built=\"1\" admin_label=\"Gallery\" _builder_version=\"4.15.1\" _module_preset=\"default\" custom_padding=\"0px||||false|false\" hover_enabled=\"0\" da_disable_devices=\"off|off|off\" global_colors_info=\"{}\" sticky_enabled=\"0\" da_is_popup=\"off\" da_exit_intent=\"off\" da_has_close=\"on\" da_alt_close=\"off\" da_dark_close=\"off\" da_not_modal=\"on\" da_is_singular=\"off\" da_with_loader=\"off\" da_has_shadow=\"on\"][et_pb_row _builder_version=\"4.15.1\" _module_preset=\"default\" width=\"95%\" width_tablet=\"85%\" width_phone=\"85%\" width_last_edited=\"on|tablet\" max_width=\"2560px\" custom_margin=\"50px||||false|false\" custom_padding=\"||||false|true\" locked=\"off\" global_colors_info=\"{}\"][et_pb_column type=\"4_4\" _builder_version=\"4.15.1\" _module_preset=\"default\" global_colors_info=\"{}\" custom_css_main_element_last_edited=\"on|phone\"][et_pb_text _builder_version=\"4.15.1\" _module_preset=\"af543a65-a510-4d5a-bd0e-f29b21297a1d\" custom_margin=\"||25px||false|false\" global_colors_info=\"{}\"]<h2>Galeria<\/h2>[\/et_pb_text][dsm_masonry_gallery gallery_ids=\"1242,1241,1230,1229,1200,1201,1211,1210,1192,1383\" columns=\"5\" gutter=\"10\" use_lightbox=\"on\" use_horizontal_order=\"off\" _builder_version=\"4.15.1\" _module_preset=\"default\" global_colors_info=\"{}\"][\/dsm_masonry_gallery][\/et_pb_column][\/et_pb_row][\/et_pb_section]","_et_gb_content_width":"","inline_featured_image":false,"footnotes":""},"categories":[138],"tags":[],"class_list":["post-6049","post","type-post","status-publish","format-standard","has-post-thumbnail","hentry","category-projects","cat_ID-138"],"acf":[],"_links":{"self":[{"href":"https:\/\/modalisboa.pt\/en\/wp-json\/wp\/v2\/posts\/6049","targetHints":{"allow":["GET"]}}],"collection":[{"href":"https:\/\/modalisboa.pt\/en\/wp-json\/wp\/v2\/posts"}],"about":[{"href":"https:\/\/modalisboa.pt\/en\/wp-json\/wp\/v2\/types\/post"}],"author":[{"embeddable":true,"href":"https:\/\/modalisboa.pt\/en\/wp-json\/wp\/v2\/users\/1"}],"replies":[{"embeddable":true,"href":"https:\/\/modalisboa.pt\/en\/wp-json\/wp\/v2\/comments?post=6049"}],"version-history":[{"count":14,"href":"https:\/\/modalisboa.pt\/en\/wp-json\/wp\/v2\/posts\/6049\/revisions"}],"predecessor-version":[{"id":171066,"href":"https:\/\/modalisboa.pt\/en\/wp-json\/wp\/v2\/posts\/6049\/revisions\/171066"}],"wp:featuredmedia":[{"embeddable":true,"href":"https:\/\/modalisboa.pt\/en\/wp-json\/wp\/v2\/media\/9351"}],"wp:attachment":[{"href":"https:\/\/modalisboa.pt\/en\/wp-json\/wp\/v2\/media?parent=6049"}],"wp:term":[{"taxonomy":"category","embeddable":true,"href":"https:\/\/modalisboa.pt\/en\/wp-json\/wp\/v2\/categories?post=6049"},{"taxonomy":"post_tag","embeddable":true,"href":"https:\/\/modalisboa.pt\/en\/wp-json\/wp\/v2\/tags?post=6049"}],"curies":[{"name":"wp","href":"https:\/\/api.w.org\/{rel}","templated":true}]}}