{"id":73120,"date":"2024-02-26T17:44:56","date_gmt":"2024-02-26T17:44:56","guid":{"rendered":"https:\/\/modalisboa.pt\/?p=73120"},"modified":"2024-03-18T17:24:11","modified_gmt":"2024-03-18T17:24:11","slug":"designing-for-good","status":"publish","type":"post","link":"https:\/\/modalisboa.pt\/en\/highlight-talks-for-good-en\/designing-for-good\/","title":{"rendered":"Designing For Good"},"content":{"rendered":"<p>[et_pb_section fb_built=&#8221;1&#8243; disabled_on=&#8221;off|off|off&#8221; admin_label=&#8221;Header&#8221; _builder_version=&#8221;4.24.2&#8243; _module_preset=&#8221;default&#8221; custom_padding=&#8221;0px||0px||false|false&#8221; da_disable_devices=&#8221;off|off|off&#8221; locked=&#8221;off&#8221; global_colors_info=&#8221;{}&#8221; da_is_popup=&#8221;off&#8221; da_exit_intent=&#8221;off&#8221; da_has_close=&#8221;on&#8221; da_alt_close=&#8221;off&#8221; da_dark_close=&#8221;off&#8221; da_not_modal=&#8221;on&#8221; da_is_singular=&#8221;off&#8221; da_with_loader=&#8221;off&#8221; da_has_shadow=&#8221;on&#8221;][et_pb_row _builder_version=&#8221;4.16&#8243; _module_preset=&#8221;default&#8221; width=&#8221;100%&#8221; max_width=&#8221;2560px&#8221; custom_padding=&#8221;0px||0px||false|false&#8221; global_colors_info=&#8221;{}&#8221;][et_pb_column type=&#8221;4_4&#8243; _builder_version=&#8221;4.16&#8243; _module_preset=&#8221;default&#8221; global_colors_info=&#8221;{}&#8221;][et_pb_slider _builder_version=&#8221;4.24.2&#8243; _module_preset=&#8221;fdf34095-bc39-43c6-98b5-b76e816b2824&#8243; global_colors_info=&#8221;{}&#8221;][et_pb_slide _builder_version=&#8221;4.24.2&#8243; _module_preset=&#8221;default&#8221; body_font=&#8221;Inter||||||||&#8221; body_text_align=&#8221;left&#8221; body_text_color=&#8221;RGBA(255,255,255,0)&#8221; body_font_size=&#8221;20px&#8221; background_enable_color=&#8221;off&#8221; background_image=&#8221;https:\/\/modalisboa.pt\/wp-content\/uploads\/2024\/02\/designing_for_good_desktop.jpg&#8221; background_enable_image=&#8221;on&#8221; background_position=&#8221;top_center&#8221; background_vertical_offset=&#8221;66%&#8221; background_enable_video_mp4=&#8221;off&#8221; button_alignment=&#8221;left&#8221; background_last_edited=&#8221;on|phone&#8221; background_image_tablet=&#8221;https:\/\/modalisboa.pt\/wp-content\/uploads\/2024\/02\/designing_for_good_tablet.jpg&#8221; background_image_phone=&#8221;https:\/\/modalisboa.pt\/wp-content\/uploads\/2024\/02\/designing_for_good_mobile.jpg&#8221; background_enable_image_tablet=&#8221;on&#8221; background_enable_image_phone=&#8221;on&#8221; custom_css_slide_button=&#8221;pointer-events: none;&#8221; global_colors_info=&#8221;{}&#8221; sticky_transition=&#8221;on&#8221;][\/et_pb_slide][\/et_pb_slider][\/et_pb_column][\/et_pb_row][\/et_pb_section][et_pb_section fb_built=&#8221;1&#8243; _builder_version=&#8221;4.16&#8243; _module_preset=&#8221;default&#8221; da_disable_devices=&#8221;off|off|off&#8221; global_colors_info=&#8221;{}&#8221; da_is_popup=&#8221;off&#8221; da_exit_intent=&#8221;off&#8221; da_has_close=&#8221;on&#8221; da_alt_close=&#8221;off&#8221; da_dark_close=&#8221;off&#8221; da_not_modal=&#8221;on&#8221; da_is_singular=&#8221;off&#8221; da_with_loader=&#8221;off&#8221; da_has_shadow=&#8221;on&#8221;][et_pb_row _builder_version=&#8221;4.16&#8243; _module_preset=&#8221;default&#8221; width=&#8221;95%&#8221; width_tablet=&#8221;85%&#8221; width_phone=&#8221;85%&#8221; width_last_edited=&#8221;on|phone&#8221; max_width=&#8221;2560px&#8221; global_colors_info=&#8221;{}&#8221;][et_pb_column type=&#8221;4_4&#8243; _builder_version=&#8221;4.16&#8243; _module_preset=&#8221;default&#8221; global_colors_info=&#8221;{}&#8221;][et_pb_text admin_label=&#8221;T\u00edtulo Talk&#8221; _builder_version=&#8221;4.24.0&#8243; _module_preset=&#8221;af543a65-a510-4d5a-bd0e-f29b21297a1d&#8221; global_colors_info=&#8221;{}&#8221;]<\/p>\n<h2><strong>DESIGNING FOR GOOD<br \/><\/strong><\/h2>\n<p>[\/et_pb_text][et_pb_text disabled_on=&#8221;on|on|on&#8221; admin_label=&#8221;Registo&#8221; _builder_version=&#8221;4.19.5&#8243; _module_preset=&#8221;af543a65-a510-4d5a-bd0e-f29b21297a1d&#8221; disabled=&#8221;on&#8221; global_colors_info=&#8221;{}&#8221;]<\/p>\n<h6><strong>5 OUT &#8217;23 &#8211; 18H<\/strong><\/h6>\n<p>&nbsp;<\/p>\n<p><strong>REGISTO OBRIGAT\u00d3RIO, <a href=\"http:\/\/fasttalks.modalisboa.pt\/\" target=\"_blank\" rel=\"noopener\">AQUI<\/a><br \/><\/strong><\/p>\n<p>[\/et_pb_text][\/et_pb_column][\/et_pb_row][et_pb_row _builder_version=&#8221;4.16&#8243; _module_preset=&#8221;default&#8221; width=&#8221;95%&#8221; width_tablet=&#8221;85%&#8221; width_phone=&#8221;85%&#8221; width_last_edited=&#8221;on|tablet&#8221; max_width=&#8221;2560px&#8221; locked=&#8221;off&#8221; global_colors_info=&#8221;{}&#8221;][et_pb_column type=&#8221;4_4&#8243; _builder_version=&#8221;4.16&#8243; _module_preset=&#8221;default&#8221; global_colors_info=&#8221;{}&#8221;][bsf_advanced_tabs module_id=&#8221;mi-app-tabs-talks&#8221; _builder_version=&#8221;4.24.2&#8243; _module_preset=&#8221;671fa5be-9d56-4054-9931-b75c34b15468&#8243; global_colors_info=&#8221;{}&#8221;][bsf_advanced_tab bsf_title=&#8221;VIDEO&#8221; tab_layout=&#8221;library&#8221; library_item=&#8221;91069&#8243; _builder_version=&#8221;4.24.2&#8243; _module_preset=&#8221;default&#8221; global_colors_info=&#8221;{}&#8221;][\/bsf_advanced_tab][bsf_advanced_tab bsf_title=&#8221;PHOTOS&#8221; tab_layout=&#8221;library&#8221; library_item=&#8221;87545&#8243; _builder_version=&#8221;4.24.2&#8243; _module_preset=&#8221;default&#8221; global_colors_info=&#8221;{}&#8221;][\/bsf_advanced_tab][bsf_advanced_tab bsf_title=&#8221;ABOUT&#8221; tab_layout=&#8221;library&#8221; library_item=&#8221;73089&#8243; _builder_version=&#8221;4.24.0&#8243; _module_preset=&#8221;default&#8221; global_colors_info=&#8221;{}&#8221;][\/bsf_advanced_tab][bsf_advanced_tab bsf_title=&#8221;SPEAKERS&#8221; tab_layout=&#8221;library&#8221; library_item=&#8221;73066&#8243; _builder_version=&#8221;4.24.0&#8243; _module_preset=&#8221;default&#8221; global_colors_info=&#8221;{}&#8221;][\/bsf_advanced_tab][\/bsf_advanced_tabs][\/et_pb_column][\/et_pb_row][\/et_pb_section][et_pb_section fb_built=&#8221;1&#8243; _builder_version=&#8221;4.16&#8243; _module_preset=&#8221;default&#8221; custom_padding=&#8221;0px||||false|false&#8221; da_disable_devices=&#8221;off|off|off&#8221; global_colors_info=&#8221;{}&#8221; da_is_popup=&#8221;off&#8221; da_exit_intent=&#8221;off&#8221; da_has_close=&#8221;on&#8221; da_alt_close=&#8221;off&#8221; da_dark_close=&#8221;off&#8221; da_not_modal=&#8221;on&#8221; da_is_singular=&#8221;off&#8221; da_with_loader=&#8221;off&#8221; da_has_shadow=&#8221;on&#8221;][\/et_pb_section]<\/p>\n","protected":false},"excerpt":{"rendered":"<p>DESIGNING FOR GOOD5 OUT &#8217;23 &#8211; 18H &nbsp; REGISTO OBRIGAT\u00d3RIO, AQUI<div id=\"mi-app-tabs-talks\" class=\"et_pb_module bsf_advanced_tabs bsf_advanced_tabs_0\">\n\t\t\t\t\n\t\t\t\t\n\t\t\t\t\n\t\t\t\t\n\t\t\t\t\n\t\t\t\t\n\t\t\t\t<div class=\"et_pb_module_inner\">\n\t\t\t\t\t<div class=\"bsf_advanced_tabs_placement_top bsf_advanced_tabs_inner bsf_subtitle_bottom bsf_advanced_tabs_icon_placement_top hide_icon_top hide_title_top\">\n\t\t\t<div class=\"bsf_advanced_tabs_nav\"><ul><li value=\"0\" class=\"bsf_advanced_tab bsf_advanced_tab_0 bsf_advanced_tab_title bsf_advanced_tab_title_0  bsf_active_tab \"><a target='_blank' href=\"#\"><span class=\"bsf_tab_title\">VIDEO<\/span><\/a><\/li><li value=\"1\" class=\"bsf_advanced_tab bsf_advanced_tab_1 bsf_advanced_tab_title bsf_advanced_tab_title_1  \"><a target='_blank' href=\"#\"><span class=\"bsf_tab_title\">PHOTOS<\/span><\/a><\/li><li value=\"2\" class=\"bsf_advanced_tab bsf_advanced_tab_2 bsf_advanced_tab_title bsf_advanced_tab_title_2  \"><a target='_blank' href=\"#\"><span class=\"bsf_tab_title\">ABOUT<\/span><\/a><\/li><li value=\"3\" class=\"bsf_advanced_tab bsf_advanced_tab_3 bsf_advanced_tab_title bsf_advanced_tab_title_3  \"><a target='_blank' href=\"#\"><span class=\"bsf_tab_title\">SPEAKERS<\/span><\/a><\/li><\/ul><\/div>\n\t\t\t<div class=\"bsf_advanced_tab_wrapper\">\n\t\t\t<div class=\"bsf_advanced_tab bsf_advanced_tab_0 bsf_active_tab\">\n\t\t\t\t\n\t\t\t\t\n\t\t\t\t\n\t\t\t\t\n\t\t\t\t\n\t\t\t\t\n\t\t\t\t<div class=\"et_pb_module_inner\">\n\t\t\t\t\t<div class=\"bsf_advanced_tab bsf_advanced_tab_0 bsf_active_tab\">\n\t\t\t\t\n\t\t\t\t\n\t\t\t\t<div class='bsf_advanced_tab_content'><div class=\"et_pb_section et_pb_section_1 et_pb_with_background et_section_regular\" >\n\t\t\t\t\n\t\t\t\t\n\t\t\t\t\n\t\t\t\t\n\t\t\t\t\n\t\t\t\t\n\t\t\t\t<div class=\"et_pb_row et_pb_row_0\">\n\t\t\t\t<div class=\"et_pb_column et_pb_column_4_4 et_pb_column_0  et_pb_css_mix_blend_mode_passthrough et-last-child\">\n\t\t\t\t\n\t\t\t\t\n\t\t\t\t\n\t\t\t\t\n\t\t\t\t<div class=\"et_pb_module et_pb_code et_pb_code_0\">\n\t\t\t\t\n\t\t\t\t\n\t\t\t\t\n\t\t\t\t\n\t\t\t\t<div class=\"et_pb_code_inner\"><iframe src=\"https:\/\/player.vimeo.com\/video\/924668835\" width=\"640\" height=\"360\" frameborder=\"0\" allow=\"autoplay; fullscreen; picture-in-picture\" allowfullscreen><\/iframe><\/div>\n\t\t\t<\/div>\n\t\t\t<\/div>\n\t\t\t\t\n\t\t\t\t\n\t\t\t\t\n\t\t\t\t\n\t\t\t<\/div>\n\t\t\t\t\n\t\t\t\t\n\t\t\t<\/div><\/div>\n\t\t\t<\/div> <!-- .bsf_advanced_tab -->\n\t\t\t\t<\/div>\n\t\t\t<\/div><div class=\"bsf_advanced_tab bsf_advanced_tab_1\">\n\t\t\t\t\n\t\t\t\t\n\t\t\t\t\n\t\t\t\t\n\t\t\t\t\n\t\t\t\t\n\t\t\t\t<div class=\"et_pb_module_inner\">\n\t\t\t\t\t<div class=\"bsf_advanced_tab bsf_advanced_tab_1\">\n\t\t\t\t\n\t\t\t\t\n\t\t\t\t<div class='bsf_advanced_tab_content'><div class=\"et_pb_section et_pb_section_3 et_pb_with_background et_section_regular\" >\n\t\t\t\t\n\t\t\t\t\n\t\t\t\t\n\t\t\t\t\n\t\t\t\t\n\t\t\t\t\n\t\t\t\t<div class=\"et_pb_row et_pb_row_1\">\n\t\t\t\t<div class=\"et_pb_column et_pb_column_4_4 et_pb_column_1  et_pb_css_mix_blend_mode_passthrough et-last-child\">\n\t\t\t\t\n\t\t\t\t\n\t\t\t\t\n\t\t\t\t\n\t\t\t\t<div class=\"et_pb_module dsm_masonry_gallery dsm_masonry_gallery_0\">\n\t\t\t\t\n\t\t\t\t\n\t\t\t\t\n\t\t\t\t\n\t\t\t\t\n\t\t\t\t\n\t\t\t\t<div class=\"et_pb_module_inner\">\n\t\t\t\t\t<div class=\"dsm-gallery grid\" data-lightbox=\"true\" data-horizontalorder=\"false\">\n                <div class=\"grid-sizer\"><\/div><div class=\"gutter-sizer\"><\/div><div class=\"grid-item\">\n                    <a href=\"https:\/\/modalisboa.pt\/wp-content\/uploads\/2024\/03\/fast_talks_02.jpg\"  data-title='fast_talks_02'  data-caption='Photo: Lu\u00eds Gala' data-mfp-src=\"https:\/\/modalisboa.pt\/wp-content\/uploads\/2024\/03\/fast_talks_02.jpg\">\n                        <div class=\"et_pb_image_wrap\">\n                            <img loading=\"lazy\" decoding=\"async\" src=\"https:\/\/modalisboa.pt\/wp-content\/uploads\/2024\/03\/fast_talks_02.jpg\" title=\"fast_talks_02\" alt=\"\" class=\"dsm-skip-lazyload\" srcset=\"https:\/\/modalisboa.pt\/wp-content\/uploads\/2024\/03\/fast_talks_02.jpg 1536w, https:\/\/modalisboa.pt\/wp-content\/uploads\/2024\/03\/fast_talks_02-1280x1600.jpg 1280w, https:\/\/modalisboa.pt\/wp-content\/uploads\/2024\/03\/fast_talks_02-980x1225.jpg 980w, https:\/\/modalisboa.pt\/wp-content\/uploads\/2024\/03\/fast_talks_02-480x600.jpg 480w\" sizes=\"(min-width: 0px) and (max-width: 480px) 480px, (min-width: 481px) and (max-width: 980px) 980px, (min-width: 981px) and (max-width: 1280px) 1280px, (min-width: 1281px) 1536px, 100vw\" width=\"1536\" height=\"1920\" \/>\n                            \n                        <\/div>\n                    <\/a>\n                <\/div><div class=\"grid-item\">\n                    <a href=\"https:\/\/modalisboa.pt\/wp-content\/uploads\/2024\/03\/fast_talks_03.jpg\"  data-title='fast_talks_03'  data-caption='Photo: Lu\u00eds Gala' data-mfp-src=\"https:\/\/modalisboa.pt\/wp-content\/uploads\/2024\/03\/fast_talks_03.jpg\">\n                        <div class=\"et_pb_image_wrap\">\n                            <img loading=\"lazy\" decoding=\"async\" src=\"https:\/\/modalisboa.pt\/wp-content\/uploads\/2024\/03\/fast_talks_03.jpg\" title=\"fast_talks_03\" alt=\"\" class=\"dsm-skip-lazyload\" srcset=\"https:\/\/modalisboa.pt\/wp-content\/uploads\/2024\/03\/fast_talks_03.jpg 1536w, https:\/\/modalisboa.pt\/wp-content\/uploads\/2024\/03\/fast_talks_03-1280x1600.jpg 1280w, https:\/\/modalisboa.pt\/wp-content\/uploads\/2024\/03\/fast_talks_03-980x1225.jpg 980w, https:\/\/modalisboa.pt\/wp-content\/uploads\/2024\/03\/fast_talks_03-480x600.jpg 480w\" sizes=\"(min-width: 0px) and (max-width: 480px) 480px, (min-width: 481px) and (max-width: 980px) 980px, (min-width: 981px) and (max-width: 1280px) 1280px, (min-width: 1281px) 1536px, 100vw\" width=\"1536\" height=\"1920\" \/>\n                            \n                        <\/div>\n                    <\/a>\n                <\/div><div class=\"grid-item\">\n                    <a href=\"https:\/\/modalisboa.pt\/wp-content\/uploads\/2024\/03\/fast_talks_09.jpg\"  data-title='fast_talks_09'  data-caption='M\u00f3nica Seabra Mendes, C\u00e9sar Ara\u00fajo, Ana Duarte and Rui Maria P\u00eago | Photo: Ricardo Gomes' data-mfp-src=\"https:\/\/modalisboa.pt\/wp-content\/uploads\/2024\/03\/fast_talks_09.jpg\">\n                        <div class=\"et_pb_image_wrap\">\n                            <img loading=\"lazy\" decoding=\"async\" src=\"https:\/\/modalisboa.pt\/wp-content\/uploads\/2024\/03\/fast_talks_09.jpg\" title=\"fast_talks_09\" alt=\"\" class=\"dsm-skip-lazyload\" srcset=\"https:\/\/modalisboa.pt\/wp-content\/uploads\/2024\/03\/fast_talks_09.jpg 1536w, https:\/\/modalisboa.pt\/wp-content\/uploads\/2024\/03\/fast_talks_09-1280x1600.jpg 1280w, https:\/\/modalisboa.pt\/wp-content\/uploads\/2024\/03\/fast_talks_09-980x1225.jpg 980w, https:\/\/modalisboa.pt\/wp-content\/uploads\/2024\/03\/fast_talks_09-480x600.jpg 480w\" sizes=\"(min-width: 0px) and (max-width: 480px) 480px, (min-width: 481px) and (max-width: 980px) 980px, (min-width: 981px) and (max-width: 1280px) 1280px, (min-width: 1281px) 1536px, 100vw\" width=\"1536\" height=\"1920\" \/>\n                            \n                        <\/div>\n                    <\/a>\n                <\/div><div class=\"grid-item\">\n                    <a href=\"https:\/\/modalisboa.pt\/wp-content\/uploads\/2024\/03\/fast_talks_08.jpg\"  data-title='fast_talks_08'  data-caption='Rui Maria P\u00eago | Photo: Ricardo Gomes' data-mfp-src=\"https:\/\/modalisboa.pt\/wp-content\/uploads\/2024\/03\/fast_talks_08.jpg\">\n                        <div class=\"et_pb_image_wrap\">\n                            <img loading=\"lazy\" decoding=\"async\" src=\"https:\/\/modalisboa.pt\/wp-content\/uploads\/2024\/03\/fast_talks_08.jpg\" title=\"fast_talks_08\" alt=\"\" class=\"dsm-skip-lazyload\" srcset=\"https:\/\/modalisboa.pt\/wp-content\/uploads\/2024\/03\/fast_talks_08.jpg 1536w, https:\/\/modalisboa.pt\/wp-content\/uploads\/2024\/03\/fast_talks_08-1280x1600.jpg 1280w, https:\/\/modalisboa.pt\/wp-content\/uploads\/2024\/03\/fast_talks_08-980x1225.jpg 980w, https:\/\/modalisboa.pt\/wp-content\/uploads\/2024\/03\/fast_talks_08-480x600.jpg 480w\" sizes=\"(min-width: 0px) and (max-width: 480px) 480px, (min-width: 481px) and (max-width: 980px) 980px, (min-width: 981px) and (max-width: 1280px) 1280px, (min-width: 1281px) 1536px, 100vw\" width=\"1536\" height=\"1920\" \/>\n                            \n                        <\/div>\n                    <\/a>\n                <\/div>\n             <\/div>\n\t\t\t\t<\/div>\n\t\t\t<\/div>\n\t\t\t<\/div>\n\t\t\t\t\n\t\t\t\t\n\t\t\t\t\n\t\t\t\t\n\t\t\t<\/div>\n\t\t\t\t\n\t\t\t\t\n\t\t\t<\/div><\/div>\n\t\t\t<\/div> <!-- .bsf_advanced_tab -->\n\t\t\t\t<\/div>\n\t\t\t<\/div><div class=\"bsf_advanced_tab bsf_advanced_tab_2\">\n\t\t\t\t\n\t\t\t\t\n\t\t\t\t\n\t\t\t\t\n\t\t\t\t\n\t\t\t\t\n\t\t\t\t<div class=\"et_pb_module_inner\">\n\t\t\t\t\t<div class=\"bsf_advanced_tab bsf_advanced_tab_2\">\n\t\t\t\t\n\t\t\t\t\n\t\t\t\t<div class='bsf_advanced_tab_content'><div class=\"et_pb_section et_pb_section_5 et_section_regular\" >\n\t\t\t\t\n\t\t\t\t\n\t\t\t\t\n\t\t\t\t\n\t\t\t\t\n\t\t\t\t\n\t\t\t\t<div class=\"et_pb_row et_pb_row_2 tab-with-text\">\n\t\t\t\t<div class=\"et_pb_column et_pb_column_4_4 et_pb_column_2  et_pb_css_mix_blend_mode_passthrough et-last-child\">\n\t\t\t\t\n\t\t\t\t\n\t\t\t\t\n\t\t\t\t\n\t\t\t\t<div class=\"et_pb_module et_pb_text et_pb_text_0 text-general  et_pb_text_align_left et_pb_bg_layout_light\">\n\t\t\t\t\n\t\t\t\t\n\t\t\t\t\n\t\t\t\t\n\t\t\t\t<div class=\"et_pb_text_inner\"><p><em><strong>The business, the marketing, the change.<\/strong><\/em><\/p>\n<p>A discussion on the systemic transformations of fashion in recent years: what has changed, what has improved and what still needs to be changed in order to consolidate an agile, modernized industry capable of real positive impact. The three speakers share their perspectives, strategies and the investments needed for businesses to be able to respond to contemporary challenges.<\/p><\/div>\n\t\t\t<\/div>\n\t\t\t<\/div>\n\t\t\t\t\n\t\t\t\t\n\t\t\t\t\n\t\t\t\t\n\t\t\t<\/div>\n\t\t\t\t\n\t\t\t\t\n\t\t\t<\/div><\/div>\n\t\t\t<\/div> <!-- .bsf_advanced_tab -->\n\t\t\t\t<\/div>\n\t\t\t<\/div><div class=\"bsf_advanced_tab bsf_advanced_tab_3\">\n\t\t\t\t\n\t\t\t\t\n\t\t\t\t\n\t\t\t\t\n\t\t\t\t\n\t\t\t\t\n\t\t\t\t<div class=\"et_pb_module_inner\">\n\t\t\t\t\t<div class=\"bsf_advanced_tab bsf_advanced_tab_3\">\n\t\t\t\t\n\t\t\t\t\n\t\t\t\t<div class='bsf_advanced_tab_content'><div class=\"et_pb_section et_pb_section_7 talk-speakers-content et_section_regular\" >\n\t\t\t\t\n\t\t\t\t\n\t\t\t\t\n\t\t\t\t\n\t\t\t\t\n\t\t\t\t\n\t\t\t\t<div class=\"et_pb_row et_pb_row_3 et_animated et_pb_gutters2\">\n\t\t\t\t<div class=\"et_pb_column et_pb_column_4_4 et_pb_column_3  et_pb_css_mix_blend_mode_passthrough et-last-child\">\n\t\t\t\t\n\t\t\t\t\n\t\t\t\t\n\t\t\t\t\n\t\t\t\t<div class=\"et_pb_module et_pb_blurb et_pb_blurb_0 jury-blurb-grid  et_pb_text_align_left  et_pb_blurb_position_top et_pb_bg_layout_light\">\n\t\t\t\t\n\t\t\t\t\n\t\t\t\t\n\t\t\t\t\n\t\t\t\t<div class=\"et_pb_blurb_content\">\n\t\t\t\t\t<div class=\"et_pb_main_blurb_image\"><span class=\"et_pb_image_wrap et_pb_only_image_mode_wrap\"><img loading=\"lazy\" decoding=\"async\" width=\"1000\" height=\"1360\" src=\"https:\/\/modalisboa.pt\/wp-content\/uploads\/2024\/02\/rui_maria_pego.jpg\" alt=\"\" srcset=\"https:\/\/modalisboa.pt\/wp-content\/uploads\/2024\/02\/rui_maria_pego.jpg 1000w, https:\/\/modalisboa.pt\/wp-content\/uploads\/2024\/02\/rui_maria_pego-980x1333.jpg 980w, https:\/\/modalisboa.pt\/wp-content\/uploads\/2024\/02\/rui_maria_pego-480x653.jpg 480w\" sizes=\"(min-width: 0px) and (max-width: 480px) 480px, (min-width: 481px) and (max-width: 980px) 980px, (min-width: 981px) 1000px, 100vw\" class=\"et-waypoint et_pb_animation_off et_pb_animation_off_tablet et_pb_animation_off_phone wp-image-72963\" \/><\/span><\/div>\n\t\t\t\t\t<div class=\"et_pb_blurb_container\">\n\t\t\t\t\t\t<h4 class=\"et_pb_module_header\"><span>HOST: RUI MARIA P\u00caGO<\/span><\/h4>\n\t\t\t\t\t\t<div class=\"et_pb_blurb_description\"><p>35 years old. 16 of them spent between the Radio, Theater and Television. Graduated in History from Universidade Nova de Lisboa, and Master in Fine Arts in Professional Acting from Bristol Old Vic Theater School (UK), he is the author of \"Filho da M\u00e3e\", a satirical series that premiered on Canal Q in 2015. He has already hosted shows on the three main Portuguese TV channels and invented many others on several radio stations (Radar, Sudoeste, Mega Hits), and is currently on R\u00e1dio Comercial, where he conducts the interview program\/podcast \"Debaixo da L\u00edngua\", and \"TNT- Todos no Top\".<br \/>He closed 2023 in a production for BBC Radio Three about the poet Fernando Pessoa, \"All I Was When I Wasn't Anyone\", after being one of four Portuguese artists in \"\u00c9cole des Ma\u00eetres\" by French-Argentine director Marcial di Fonzo Bo, and one of the actors chosen for edition number 8 of \"Passaporte Lisboa\", an initiative by the Portuguese Cinema Academy.<br \/>Passionate about fashion, he was considered Person of the Year for ILGA Portugal in 2017 and, in 2018, on the cover of GQ Portugal magazine.<br \/>After \"Water Party\", a dystopian theater show created by Mimi Collins in London, you will see him next with the premieres of the RTP series \"Erro 404\", the film \"Prisma\" by S\u00f3nia Balac\u00f3 and Z\u00e9 Bernardino, and also the fourth season from \"Im-pertinente\", the podcast from Funda\u00e7\u00e3o Francisco Manuel dos Santos, where Rui Maria P\u00eago will pair with neuroscientist Lu\u00edsa Lopes to unravel the mysteries of the brain.<br \/>The first time Rui went to ModaLisboa he was fifteen years old, and since then he has never stopped coming back.<\/p><\/div>\n\t\t\t\t\t<\/div>\n\t\t\t\t<\/div>\n\t\t\t<\/div><div class=\"et_pb_module et_pb_blurb et_pb_blurb_1 jury-blurb-grid  et_pb_text_align_left  et_pb_blurb_position_top et_pb_bg_layout_light\">\n\t\t\t\t\n\t\t\t\t\n\t\t\t\t\n\t\t\t\t\n\t\t\t\t<div class=\"et_pb_blurb_content\">\n\t\t\t\t\t<div class=\"et_pb_main_blurb_image\"><span class=\"et_pb_image_wrap et_pb_only_image_mode_wrap\"><img loading=\"lazy\" decoding=\"async\" width=\"1000\" height=\"1360\" src=\"https:\/\/modalisboa.pt\/wp-content\/uploads\/2024\/02\/ana_duarte_2.jpg\" alt=\"\" srcset=\"https:\/\/modalisboa.pt\/wp-content\/uploads\/2024\/02\/ana_duarte_2.jpg 1000w, https:\/\/modalisboa.pt\/wp-content\/uploads\/2024\/02\/ana_duarte_2-980x1333.jpg 980w, https:\/\/modalisboa.pt\/wp-content\/uploads\/2024\/02\/ana_duarte_2-480x653.jpg 480w\" sizes=\"(min-width: 0px) and (max-width: 480px) 480px, (min-width: 481px) and (max-width: 980px) 980px, (min-width: 981px) 1000px, 100vw\" class=\"et-waypoint et_pb_animation_off et_pb_animation_off_tablet et_pb_animation_off_phone wp-image-72992\" \/><\/span><\/div>\n\t\t\t\t\t<div class=\"et_pb_blurb_container\">\n\t\t\t\t\t\t<h4 class=\"et_pb_module_header\"><span>ANA DUARTE | DUARTEHAJIME<\/span><\/h4>\n\t\t\t\t\t\t<div class=\"et_pb_blurb_description\"><p>Ana Duarte (Lisbon, 1991), founder and designer of the DuarteHajime brand, studied Fashion Design at the Faculty of Architecture in Lisbon and finished her Master of Arts in Menswear Design and Technology at the London College of Fashion, with distinction, in 2015. Currently, she is a guest teacher at the Lus\u00f3fona University in the Fashion Design Course.<br \/>In October 2016, she presented the \u201cSS17 Knock Out\u201d capsule collection at the Sangue Novo competition, at Lisboa Fashion Week, and won an Honourable Mention Award, starting to be part of the official calendar, in the LAB platform. In 2018, she presented the \u201cSS19 Monaco GP\u201d collection at Riga Fashion Week, and integrated the United Fashion showroom, where she participated again in 2021.<br \/>Ana Duarte is the winner of the C.L.A.S.S. Icon 2021 Award: the annual competition for visionary creatives who combines design, responsible innovation and communication, capable of raising contemporary consumer awareness of the new values of sustainable fashion.<br \/>With a passion for drawing and illustration, Ana Duarte is a professional illustrator with 5 published books. All the DuarteHajime brand\u2019s prints are exclusive, made by the designer, adapting to the concept of each collection. <br \/>DuarteHajime intends to redefine the concept of streetwear, creating a Cool Lifestyle. The brand focuses on sustainability and mixing and creating different textures essentially through the use of unique prints, natural and technological fabrics, and knitwear.<\/p><\/div>\n\t\t\t\t\t<\/div>\n\t\t\t\t<\/div>\n\t\t\t<\/div><div class=\"et_pb_module et_pb_blurb et_pb_blurb_2 jury-blurb-grid  et_pb_text_align_left  et_pb_blurb_position_top et_pb_bg_layout_light\">\n\t\t\t\t\n\t\t\t\t\n\t\t\t\t\n\t\t\t\t\n\t\t\t\t<div class=\"et_pb_blurb_content\">\n\t\t\t\t\t<div class=\"et_pb_main_blurb_image\"><span class=\"et_pb_image_wrap et_pb_only_image_mode_wrap\"><img loading=\"lazy\" decoding=\"async\" width=\"1000\" height=\"1361\" src=\"https:\/\/modalisboa.pt\/wp-content\/uploads\/2024\/02\/cesar_araujo.jpg\" alt=\"\" srcset=\"https:\/\/modalisboa.pt\/wp-content\/uploads\/2024\/02\/cesar_araujo.jpg 1000w, https:\/\/modalisboa.pt\/wp-content\/uploads\/2024\/02\/cesar_araujo-980x1334.jpg 980w, https:\/\/modalisboa.pt\/wp-content\/uploads\/2024\/02\/cesar_araujo-480x653.jpg 480w\" sizes=\"(min-width: 0px) and (max-width: 480px) 480px, (min-width: 481px) and (max-width: 980px) 980px, (min-width: 981px) 1000px, 100vw\" class=\"et-waypoint et_pb_animation_off et_pb_animation_off_tablet et_pb_animation_off_phone wp-image-72955\" \/><\/span><\/div>\n\t\t\t\t\t<div class=\"et_pb_blurb_container\">\n\t\t\t\t\t\t<h4 class=\"et_pb_module_header\"><span>C\u00c9SAR ARA\u00daJO | CALVELEX \/ ANIVEC<\/span><\/h4>\n\t\t\t\t\t\t<div class=\"et_pb_blurb_description\"><p>C\u00e9sar Ara\u00fajo is a businessman and Chairman of the Board of ANIVEC - National Association of the Clothing and Fashion Industries, with around 40 years' experience in creating, developing and internationalising businesses, especially in the fashion and clothing sectors. The son and grandson of tailors, Ara\u00fajo inherited the know-how that led him to found CALVELEX in 1985, where he occupies the role of CEO. A director of CITEVE - Technological Centre for the Textile and Clothing Industries of Portugal and non-executive Board Member of PCIAW - Professional Clothing Industry Association Worldwide (an international association based in the United Kingdom), he maintains an active role in the Portuguese clothing industry.<\/p><\/div>\n\t\t\t\t\t<\/div>\n\t\t\t\t<\/div>\n\t\t\t<\/div><div class=\"et_pb_module et_pb_blurb et_pb_blurb_3 jury-blurb-grid  et_pb_text_align_left  et_pb_blurb_position_top et_pb_bg_layout_light\">\n\t\t\t\t\n\t\t\t\t\n\t\t\t\t\n\t\t\t\t\n\t\t\t\t<div class=\"et_pb_blurb_content\">\n\t\t\t\t\t<div class=\"et_pb_main_blurb_image\"><span class=\"et_pb_image_wrap et_pb_only_image_mode_wrap\"><img loading=\"lazy\" decoding=\"async\" width=\"1000\" height=\"1361\" src=\"https:\/\/modalisboa.pt\/wp-content\/uploads\/2024\/02\/monica_seabra_mendes.jpg\" alt=\"\" srcset=\"https:\/\/modalisboa.pt\/wp-content\/uploads\/2024\/02\/monica_seabra_mendes.jpg 1000w, https:\/\/modalisboa.pt\/wp-content\/uploads\/2024\/02\/monica_seabra_mendes-980x1334.jpg 980w, https:\/\/modalisboa.pt\/wp-content\/uploads\/2024\/02\/monica_seabra_mendes-480x653.jpg 480w\" sizes=\"(min-width: 0px) and (max-width: 480px) 480px, (min-width: 481px) and (max-width: 980px) 980px, (min-width: 981px) 1000px, 100vw\" class=\"et-waypoint et_pb_animation_off et_pb_animation_off_tablet et_pb_animation_off_phone wp-image-72961\" \/><\/span><\/div>\n\t\t\t\t\t<div class=\"et_pb_blurb_container\">\n\t\t\t\t\t\t<h4 class=\"et_pb_module_header\"><span>M\u00d3NICA SEABRA MENDES | CAT\u00d3LICA LISBON SCHOOL OF BUSINESS & ECONOMICS<\/span><\/h4>\n\t\t\t\t\t\t<div class=\"et_pb_blurb_description\"><p>M\u00f3nica Seabra Mendes has a Masters in Luxury, Fashion and Art Management from the Sorbonne University (Paris) and a degree in Business Communication from ISCEM, Lisbon. She began her career in the press department of the haute couture house Guy Laroche, in Paris, and then held various positions in communications and marketing of the L'Or\u00e9al Group. She was Marketing Director for the Japanese brand Shiseido in Portugal and a consultant for the Iberian market, and Marketing Director for the French cosmetics and perfumery group Clarins in Spain and Portugal. She is the founder of Affluencial \u2014 a platform dedicated to consultancy and training in the area of luxury management. Mendes ran the \"Luxury Brand Management\" Executive Programme in Miami, in partnership with the Institut Sup\u00e9rieur de Marketing du Luxe in Paris. She curated the international experiences of \"Inspiring Women Entrepreneurs\" in Dubai, Portugal and Italy. <br \/>She has been Director of the Luxury Management Programme at Cat\u00f3lica Lisbon School of Business &amp; Economics since 2011, as well as a lecturer at the same university in the areas of Service Excellence and Customer Experience. She is also the author of several articles on the subject of luxury and a guest speaker at national and international events, as well as a member of the Advisory Board of the Portuguese Association of Brands of Excellence | Laurel.<\/p><\/div>\n\t\t\t\t\t<\/div>\n\t\t\t\t<\/div>\n\t\t\t<\/div>\n\t\t\t<\/div>\n\t\t\t\t\n\t\t\t\t\n\t\t\t\t\n\t\t\t\t\n\t\t\t<\/div>\n\t\t\t\t\n\t\t\t\t\n\t\t\t<\/div><\/div>\n\t\t\t<\/div> <!-- .bsf_advanced_tab -->\n\t\t\t\t<\/div>\n\t\t\t<\/div>\n\t\t\t<\/div>\n\t\t\t<\/div>\n\t\t\t\t<\/div>\n\t\t\t<\/div><\/p>\n","protected":false},"author":2,"featured_media":87391,"comment_status":"closed","ping_status":"closed","sticky":false,"template":"","format":"standard","meta":{"_acf_changed":false,"_et_pb_use_builder":"on","_et_pb_old_content":"","_et_gb_content_width":"","inline_featured_image":false,"footnotes":""},"categories":[359,360,364],"tags":[],"class_list":["post-73120","post","type-post","status-publish","format-standard","has-post-thumbnail","hentry","category-highlight-talks-for-good-en","category-program-for-good","category-talks-for-good-en","cat_ID-359","cat_ID-360","cat_ID-364"],"acf":[],"_links":{"self":[{"href":"https:\/\/modalisboa.pt\/en\/wp-json\/wp\/v2\/posts\/73120","targetHints":{"allow":["GET"]}}],"collection":[{"href":"https:\/\/modalisboa.pt\/en\/wp-json\/wp\/v2\/posts"}],"about":[{"href":"https:\/\/modalisboa.pt\/en\/wp-json\/wp\/v2\/types\/post"}],"author":[{"embeddable":true,"href":"https:\/\/modalisboa.pt\/en\/wp-json\/wp\/v2\/users\/2"}],"replies":[{"embeddable":true,"href":"https:\/\/modalisboa.pt\/en\/wp-json\/wp\/v2\/comments?post=73120"}],"version-history":[{"count":20,"href":"https:\/\/modalisboa.pt\/en\/wp-json\/wp\/v2\/posts\/73120\/revisions"}],"predecessor-version":[{"id":91095,"href":"https:\/\/modalisboa.pt\/en\/wp-json\/wp\/v2\/posts\/73120\/revisions\/91095"}],"wp:featuredmedia":[{"embeddable":true,"href":"https:\/\/modalisboa.pt\/en\/wp-json\/wp\/v2\/media\/87391"}],"wp:attachment":[{"href":"https:\/\/modalisboa.pt\/en\/wp-json\/wp\/v2\/media?parent=73120"}],"wp:term":[{"taxonomy":"category","embeddable":true,"href":"https:\/\/modalisboa.pt\/en\/wp-json\/wp\/v2\/categories?post=73120"},{"taxonomy":"post_tag","embeddable":true,"href":"https:\/\/modalisboa.pt\/en\/wp-json\/wp\/v2\/tags?post=73120"}],"curies":[{"name":"wp","href":"https:\/\/api.w.org\/{rel}","templated":true}]}}