{"id":8050,"date":"2023-01-11T16:04:36","date_gmt":"2023-01-11T16:04:36","guid":{"rendered":"https:\/\/modalisboa.pt\/modalisboa-play\/"},"modified":"2023-06-01T16:21:17","modified_gmt":"2023-06-01T16:21:17","slug":"modalisboa-play","status":"publish","type":"post","link":"https:\/\/modalisboa.pt\/en\/editions\/modalisboa-play\/","title":{"rendered":"ModaLisboa 28 | Play"},"content":{"rendered":"<p>[et_pb_section fb_built=&#8221;1&#8243; admin_label=&#8221;Header&#8221; _builder_version=&#8221;4.16&#8243; _module_preset=&#8221;default&#8221; custom_padding=&#8221;0px||0px||false|false&#8221; da_disable_devices=&#8221;off|off|off&#8221; locked=&#8221;off&#8221; global_colors_info=&#8221;{}&#8221; da_is_popup=&#8221;off&#8221; da_exit_intent=&#8221;off&#8221; da_has_close=&#8221;on&#8221; da_alt_close=&#8221;off&#8221; da_dark_close=&#8221;off&#8221; da_not_modal=&#8221;on&#8221; da_is_singular=&#8221;off&#8221; da_with_loader=&#8221;off&#8221; da_has_shadow=&#8221;on&#8221;][et_pb_row _builder_version=&#8221;4.16&#8243; _module_preset=&#8221;default&#8221; width=&#8221;100%&#8221; max_width=&#8221;2560px&#8221; custom_padding=&#8221;0px||0px||false|false&#8221; global_colors_info=&#8221;{}&#8221;][et_pb_column type=&#8221;4_4&#8243; _builder_version=&#8221;4.16&#8243; _module_preset=&#8221;default&#8221; global_colors_info=&#8221;{}&#8221;][et_pb_slider disabled_on=&#8221;on|on|on&#8221; _builder_version=&#8221;4.19.0&#8243; _module_preset=&#8221;fdf34095-bc39-43c6-98b5-b76e816b2824&#8243; disabled=&#8221;on&#8221; global_colors_info=&#8221;{}&#8221;][et_pb_slide _builder_version=&#8221;4.19.0&#8243; _module_preset=&#8221;default&#8221; body_font=&#8221;Inter||||||||&#8221; body_text_align=&#8221;left&#8221; body_text_color=&#8221;RGBA(255,255,255,0)&#8221; body_font_size=&#8221;20px&#8221; background_enable_color=&#8221;off&#8221; use_background_color_gradient=&#8221;on&#8221; background_color_gradient_stops=&#8221;rgba(0,0,0,0.22) 0%|rgba(0,0,0,0.22) 100%&#8221; background_color_gradient_overlays_image=&#8221;on&#8221; background_color_gradient_start=&#8221;rgba(0,0,0,0.22)&#8221; background_color_gradient_end=&#8221;rgba(0,0,0,0.22)&#8221; background_image=&#8221;https:\/\/modalisboa.pt\/wp-content\/uploads\/2022\/07\/ModaLisboa_AndNowWhat_cartaz1.jpg&#8221; background_enable_image=&#8221;on&#8221; background_position=&#8221;top_center&#8221; background_vertical_offset=&#8221;66%&#8221; background_enable_video_mp4=&#8221;off&#8221; button_alignment=&#8221;left&#8221; custom_css_slide_button=&#8221;pointer-events: none;&#8221; global_colors_info=&#8221;{}&#8221; sticky_transition=&#8221;on&#8221;][\/et_pb_slide][\/et_pb_slider][\/et_pb_column][\/et_pb_row][\/et_pb_section][et_pb_section fb_built=&#8221;1&#8243; admin_label=&#8221;About Edition&#8221; _builder_version=&#8221;4.16&#8243; _module_preset=&#8221;default&#8221; custom_padding=&#8221;0px||0px||false|false&#8221; da_disable_devices=&#8221;off|off|off&#8221; locked=&#8221;off&#8221; global_colors_info=&#8221;{}&#8221; da_is_popup=&#8221;off&#8221; da_exit_intent=&#8221;off&#8221; da_has_close=&#8221;on&#8221; da_alt_close=&#8221;off&#8221; da_dark_close=&#8221;off&#8221; da_not_modal=&#8221;on&#8221; da_is_singular=&#8221;off&#8221; da_with_loader=&#8221;off&#8221; da_has_shadow=&#8221;on&#8221;][et_pb_row column_structure=&#8221;1_2,1_2&#8243; use_custom_gutter=&#8221;on&#8221; gutter_width=&#8221;2&#8243; _builder_version=&#8221;4.16&#8243; _module_preset=&#8221;default&#8221; width=&#8221;70%&#8221; width_tablet=&#8221;85%&#8221; width_phone=&#8221;85%&#8221; width_last_edited=&#8221;on|phone&#8221; max_width=&#8221;2560px&#8221; custom_margin=&#8221;50px||||false|false&#8221; global_colors_info=&#8221;{}&#8221;][et_pb_column type=&#8221;1_2&#8243; _builder_version=&#8221;4.16&#8243; _module_preset=&#8221;default&#8221; background_enable_image=&#8221;off&#8221; background_last_edited=&#8221;on|tablet&#8221; background_enable_image_tablet=&#8221;off&#8221; global_colors_info=&#8221;{}&#8221;][et_pb_image src=&#8221;https:\/\/modalisboa.pt\/wp-content\/uploads\/2023\/01\/ML28_1.jpg&#8221; title_text=&#8221;ML28_1&#8243; force_fullwidth=&#8221;on&#8221; src_tablet=&#8221;https:\/\/modalisboa.pt\/wp-content\/uploads\/2022\/03\/behen-648&#215;969-upscale1.jpg&#8221; src_phone=&#8221;https:\/\/modalisboa.pt\/wp-content\/uploads\/2022\/03\/behen-648&#215;969-upscale1.jpg&#8221; src_last_edited=&#8221;off|desktop&#8221; admin_label=&#8221;Cartaz&#8221; _builder_version=&#8221;4.19.0&#8243; _module_preset=&#8221;default&#8221; custom_margin_tablet=&#8221;||25px||false|false&#8221; custom_margin_phone=&#8221;||25px||false|false&#8221; custom_margin_last_edited=&#8221;on|tablet&#8221; global_colors_info=&#8221;{}&#8221;][\/et_pb_image][et_pb_text admin_label=&#8221;Credito Imagem&#8221; _builder_version=&#8221;4.19.0&#8243; _module_preset=&#8221;af543a65-a510-4d5a-bd0e-f29b21297a1d&#8221; global_colors_info=&#8221;{}&#8221;]<\/p>\n<div class=\"boxed\">\n<h5>Photo: Lu\u00eds Campos<br \/>Design: RMAC Design<\/h5>\n<\/div>\n<p>&nbsp;<\/p>\n<p>[\/et_pb_text][et_pb_text admin_label=&#8221;Texto&#8221; _builder_version=&#8221;4.19.5&#8243; _module_preset=&#8221;af543a65-a510-4d5a-bd0e-f29b21297a1d&#8221; hover_enabled=&#8221;0&#8243; global_colors_info=&#8221;{}&#8221; sticky_enabled=&#8221;0&#8243;]<\/p>\n<h4>PLAY is the concept, the inscription, of the next ModaLisboa in the creative city. We will add Fashion to the urban culture industry, programming, thinking, daring, and planning, through the countless variables of cultural management, ranging from philosophy to economics, from marketing to architecture, from history to design, but with the eternal sophistication of someone who registers creative and cultural contents to the historical memory of the city.<\/h4>\n<p>[\/et_pb_text][\/et_pb_column][et_pb_column type=&#8221;1_2&#8243; _builder_version=&#8221;4.16&#8243; _module_preset=&#8221;default&#8221; global_colors_info=&#8221;{}&#8221;][et_pb_text admin_label=&#8221;Tema Edi\u00e7\u00e3o&#8221; _builder_version=&#8221;4.19.0&#8243; _module_preset=&#8221;6c5dc4eb-98ee-4120-91ca-c4f9de7b92a6&#8243; custom_margin=&#8221;||25px||false|false&#8221; locked=&#8221;off&#8221; global_colors_info=&#8221;{}&#8221;]<\/p>\n<h1>MODALISBOA<br \/>PLAY<\/h1>\n<p>[\/et_pb_text][et_pb_text admin_label=&#8221;Texto&#8221; _builder_version=&#8221;4.19.0&#8243; _module_preset=&#8221;af543a65-a510-4d5a-bd0e-f29b21297a1d&#8221; global_colors_info=&#8221;{}&#8221;]<\/p>\n<p><strong>FW 07\/08<\/strong><br \/><strong>08. 09. 10. 11 MARCH 2007<\/strong><br \/><strong>MUSEU NACIONAL DE HIST\u00d3RIA NATURAL<\/strong><\/p>\n<p>FASHION SHOWS<br \/>Aforest-design . Lab<br \/>Aleksandar Protic . Lab<br \/>Alexandra Moura<br \/>Alves \/ Gon\u00e7alves<br \/>Ana Salazar<br \/>Anabela Baldaque<br \/>Delphine Murat (Guest Designer)<br \/>Dino Alves<br \/>Filipe Fa\u00edsca<br \/>Jos\u00e9 Ant\u00f3nio Tenente<br \/>Katty Xiomara<br \/>Lara Torres . Lab<br \/>Lidija Kolovrat<br \/>Lion of Porches<br \/>Lu\u00eds Buchinho<br \/>Maria Gambina<br \/>Max Chernitsov (Guest Designer)<br \/>Miguel Vieira<br \/>Nuno Baltazar<br \/>Nuno Gama<br \/>Pedro Mour\u00e3o<br \/>Ricardo Dourado . Lab<br \/>Ricardo Preto . Lab<\/p>\n<p>[\/et_pb_text][\/et_pb_column][\/et_pb_row][\/et_pb_section][et_pb_section fb_built=&#8221;1&#8243; admin_label=&#8221;Gallery&#8221; _builder_version=&#8221;4.16&#8243; _module_preset=&#8221;default&#8221; custom_padding=&#8221;0px||||false|false&#8221; da_disable_devices=&#8221;off|off|off&#8221; locked=&#8221;off&#8221; global_colors_info=&#8221;{}&#8221; da_is_popup=&#8221;off&#8221; da_exit_intent=&#8221;off&#8221; da_has_close=&#8221;on&#8221; da_alt_close=&#8221;off&#8221; da_dark_close=&#8221;off&#8221; da_not_modal=&#8221;on&#8221; da_is_singular=&#8221;off&#8221; da_with_loader=&#8221;off&#8221; da_has_shadow=&#8221;on&#8221;][et_pb_row _builder_version=&#8221;4.16&#8243; _module_preset=&#8221;default&#8221; width=&#8221;95%&#8221; width_tablet=&#8221;85%&#8221; width_phone=&#8221;85%&#8221; width_last_edited=&#8221;on|tablet&#8221; max_width=&#8221;2560px&#8221; custom_margin=&#8221;50px||||false|false&#8221; custom_padding=&#8221;||||false|true&#8221; locked=&#8221;off&#8221; global_colors_info=&#8221;{}&#8221;][et_pb_column type=&#8221;4_4&#8243; _builder_version=&#8221;4.16&#8243; _module_preset=&#8221;default&#8221; global_colors_info=&#8221;{}&#8221; custom_css_main_element_last_edited=&#8221;on|phone&#8221;][et_pb_text disabled_on=&#8221;on|on|on&#8221; admin_label=&#8221;Galeria &#8211; Titulo&#8221; _builder_version=&#8221;4.19.0&#8243; _module_preset=&#8221;af543a65-a510-4d5a-bd0e-f29b21297a1d&#8221; custom_margin=&#8221;||25px||false|false&#8221; disabled=&#8221;on&#8221; global_colors_info=&#8221;{}&#8221;]<\/p>\n<h2>Gallery<\/h2>\n<p>[\/et_pb_text][dsm_masonry_gallery gallery_ids=&#8221;8026,8028,8030,8032,8034,8036,8038,8040&#8243; columns=&#8221;5&#8243; gutter=&#8221;10&#8243; use_lightbox=&#8221;on&#8221; use_horizontal_order=&#8221;off&#8221; _builder_version=&#8221;4.19.0&#8243; _module_preset=&#8221;default&#8221; global_colors_info=&#8221;{}&#8221;][\/dsm_masonry_gallery][\/et_pb_column][\/et_pb_row][\/et_pb_section][et_pb_section fb_built=&#8221;1&#8243; _builder_version=&#8221;4.16&#8243; _module_preset=&#8221;default&#8221; custom_padding=&#8221;0px||||false|false&#8221; da_disable_devices=&#8221;off|off|off&#8221; locked=&#8221;off&#8221; global_colors_info=&#8221;{}&#8221; da_is_popup=&#8221;off&#8221; da_exit_intent=&#8221;off&#8221; da_has_close=&#8221;on&#8221; da_alt_close=&#8221;off&#8221; da_dark_close=&#8221;off&#8221; da_not_modal=&#8221;on&#8221; da_is_singular=&#8221;off&#8221; da_with_loader=&#8221;off&#8221; da_has_shadow=&#8221;on&#8221;][et_pb_row _builder_version=&#8221;4.16&#8243; _module_preset=&#8221;default&#8221; width=&#8221;95%&#8221; width_tablet=&#8221;85%&#8221; width_phone=&#8221;85%&#8221; width_last_edited=&#8221;on|tablet&#8221; max_width=&#8221;2560px&#8221; custom_padding=&#8221;0px||0px||true|false&#8221; global_colors_info=&#8221;{}&#8221;][et_pb_column type=&#8221;4_4&#8243; _builder_version=&#8221;4.16&#8243; _module_preset=&#8221;default&#8221; global_colors_info=&#8221;{}&#8221;][et_pb_code _builder_version=&#8221;4.16&#8243; _module_preset=&#8221;default&#8221; locked=&#8221;off&#8221; global_colors_info=&#8221;{}&#8221;]<!-- ShareThis BEGIN --><!-- [et_pb_line_break_holder] --><\/p>\n<div class=\"sharethis-inline-share-buttons\"><\/div>\n<p><!-- [et_pb_line_break_holder] --><!-- ShareThis END -->[\/et_pb_code][\/et_pb_column][\/et_pb_row][\/et_pb_section]<\/p>\n","protected":false},"excerpt":{"rendered":"<p>Photo: Lu\u00eds CamposDesign: RMAC Design &nbsp;PLAY is the concept, the inscription, of the next ModaLisboa in the creative city. We will add Fashion to the urban culture industry, programming, thinking, daring, and planning, through the countless variables of cultural management, ranging from philosophy to economics, from marketing to architecture, from history to design, but with the eternal sophistication of someone who registers creative and cultural contents to the historical memory of the city.MODALISBOAPLAYFW 07\/0808. 09. 10. 11 MARCH 2007MUSEU NACIONAL DE HIST\u00d3RIA NATURAL FASHION SHOWSAforest-design . LabAleksandar Protic . LabAlexandra MouraAlves \/ Gon\u00e7alvesAna SalazarAnabela BaldaqueDelphine Murat (Guest Designer)Dino AlvesFilipe Fa\u00edscaJos\u00e9 Ant\u00f3nio TenenteKatty XiomaraLara Torres . LabLidija KolovratLion of PorchesLu\u00eds BuchinhoMaria GambinaMax Chernitsov (Guest Designer)Miguel VieiraNuno BaltazarNuno GamaPedro Mour\u00e3oRicardo Dourado . LabRicardo Preto . LabGallery<div class=\"et_pb_module dsm_masonry_gallery dsm_masonry_gallery_0\">\n\t\t\t\t\n\t\t\t\t\n\t\t\t\t\n\t\t\t\t\n\t\t\t\t\n\t\t\t\t\n\t\t\t\t<div class=\"et_pb_module_inner\">\n\t\t\t\t\t<div class=\"dsm-gallery grid\" data-lightbox=\"true\" data-horizontalorder=\"false\">\n                <div class=\"grid-sizer\"><\/div><div class=\"gutter-sizer\"><\/div><div class=\"grid-item\">\n                    <a href=\"https:\/\/modalisboa.pt\/wp-content\/uploads\/2023\/01\/modalisboa28_01.jpg\"  data-title='modalisboa28_01'  data-caption='' data-mfp-src=\"https:\/\/modalisboa.pt\/wp-content\/uploads\/2023\/01\/modalisboa28_01.jpg\">\n                        <div class=\"et_pb_image_wrap\">\n                            <img loading=\"lazy\" decoding=\"async\" src=\"https:\/\/modalisboa.pt\/wp-content\/uploads\/2023\/01\/modalisboa28_01.jpg\" title=\"modalisboa28_01\" alt=\"\" class=\"dsm-skip-lazyload\" srcset=\"https:\/\/modalisboa.pt\/wp-content\/uploads\/2023\/01\/modalisboa28_01.jpg 933w, https:\/\/modalisboa.pt\/wp-content\/uploads\/2023\/01\/modalisboa28_01-480x720.jpg 480w\" sizes=\"(min-width: 0px) and (max-width: 480px) 480px, (min-width: 481px) 933px, 100vw\" width=\"933\" height=\"1400\" \/>\n                            \n                        <\/div>\n                    <\/a>\n                <\/div><div class=\"grid-item\">\n                    <a href=\"https:\/\/modalisboa.pt\/wp-content\/uploads\/2023\/01\/modalisboa28_02.jpg\"  data-title='modalisboa28_02'  data-caption='' data-mfp-src=\"https:\/\/modalisboa.pt\/wp-content\/uploads\/2023\/01\/modalisboa28_02.jpg\">\n                        <div class=\"et_pb_image_wrap\">\n                            <img loading=\"lazy\" decoding=\"async\" src=\"https:\/\/modalisboa.pt\/wp-content\/uploads\/2023\/01\/modalisboa28_02.jpg\" title=\"modalisboa28_02\" alt=\"\" class=\"dsm-skip-lazyload\" srcset=\"https:\/\/modalisboa.pt\/wp-content\/uploads\/2023\/01\/modalisboa28_02.jpg 1000w, https:\/\/modalisboa.pt\/wp-content\/uploads\/2023\/01\/modalisboa28_02-980x654.jpg 980w, https:\/\/modalisboa.pt\/wp-content\/uploads\/2023\/01\/modalisboa28_02-480x320.jpg 480w\" sizes=\"(min-width: 0px) and (max-width: 480px) 480px, (min-width: 481px) and (max-width: 980px) 980px, (min-width: 981px) 1000px, 100vw\" width=\"1000\" height=\"667\" \/>\n                            \n                        <\/div>\n                    <\/a>\n                <\/div><div class=\"grid-item\">\n                    <a href=\"https:\/\/modalisboa.pt\/wp-content\/uploads\/2023\/01\/modalisboa28_03.jpg\"  data-title='modalisboa28_03'  data-caption='' data-mfp-src=\"https:\/\/modalisboa.pt\/wp-content\/uploads\/2023\/01\/modalisboa28_03.jpg\">\n                        <div class=\"et_pb_image_wrap\">\n                            <img loading=\"lazy\" decoding=\"async\" src=\"https:\/\/modalisboa.pt\/wp-content\/uploads\/2023\/01\/modalisboa28_03.jpg\" title=\"modalisboa28_03\" alt=\"\" class=\"dsm-skip-lazyload\" srcset=\"https:\/\/modalisboa.pt\/wp-content\/uploads\/2023\/01\/modalisboa28_03.jpg 1400w, https:\/\/modalisboa.pt\/wp-content\/uploads\/2023\/01\/modalisboa28_03-1280x854.jpg 1280w, https:\/\/modalisboa.pt\/wp-content\/uploads\/2023\/01\/modalisboa28_03-980x654.jpg 980w, https:\/\/modalisboa.pt\/wp-content\/uploads\/2023\/01\/modalisboa28_03-480x320.jpg 480w\" sizes=\"(min-width: 0px) and (max-width: 480px) 480px, (min-width: 481px) and (max-width: 980px) 980px, (min-width: 981px) and (max-width: 1280px) 1280px, (min-width: 1281px) 1400px, 100vw\" width=\"1400\" height=\"934\" \/>\n                            \n                        <\/div>\n                    <\/a>\n                <\/div><div class=\"grid-item\">\n                    <a href=\"https:\/\/modalisboa.pt\/wp-content\/uploads\/2023\/01\/modalisboa28_04.jpg\"  data-title='modalisboa28_04'  data-caption='' data-mfp-src=\"https:\/\/modalisboa.pt\/wp-content\/uploads\/2023\/01\/modalisboa28_04.jpg\">\n                        <div class=\"et_pb_image_wrap\">\n                            <img loading=\"lazy\" decoding=\"async\" src=\"https:\/\/modalisboa.pt\/wp-content\/uploads\/2023\/01\/modalisboa28_04.jpg\" title=\"modalisboa28_04\" alt=\"\" class=\"dsm-skip-lazyload\" srcset=\"https:\/\/modalisboa.pt\/wp-content\/uploads\/2023\/01\/modalisboa28_04.jpg 1400w, https:\/\/modalisboa.pt\/wp-content\/uploads\/2023\/01\/modalisboa28_04-1280x854.jpg 1280w, https:\/\/modalisboa.pt\/wp-content\/uploads\/2023\/01\/modalisboa28_04-980x654.jpg 980w, https:\/\/modalisboa.pt\/wp-content\/uploads\/2023\/01\/modalisboa28_04-480x320.jpg 480w\" sizes=\"(min-width: 0px) and (max-width: 480px) 480px, (min-width: 481px) and (max-width: 980px) 980px, (min-width: 981px) and (max-width: 1280px) 1280px, (min-width: 1281px) 1400px, 100vw\" width=\"1400\" height=\"934\" \/>\n                            \n                        <\/div>\n                    <\/a>\n                <\/div><div class=\"grid-item\">\n                    <a href=\"https:\/\/modalisboa.pt\/wp-content\/uploads\/2023\/01\/modalisboa28_05.jpg\"  data-title='modalisboa28_05'  data-caption='' data-mfp-src=\"https:\/\/modalisboa.pt\/wp-content\/uploads\/2023\/01\/modalisboa28_05.jpg\">\n                        <div class=\"et_pb_image_wrap\">\n                            <img loading=\"lazy\" decoding=\"async\" src=\"https:\/\/modalisboa.pt\/wp-content\/uploads\/2023\/01\/modalisboa28_05.jpg\" title=\"modalisboa28_05\" alt=\"\" class=\"dsm-skip-lazyload\" srcset=\"https:\/\/modalisboa.pt\/wp-content\/uploads\/2023\/01\/modalisboa28_05.jpg 1400w, https:\/\/modalisboa.pt\/wp-content\/uploads\/2023\/01\/modalisboa28_05-1280x854.jpg 1280w, https:\/\/modalisboa.pt\/wp-content\/uploads\/2023\/01\/modalisboa28_05-980x654.jpg 980w, https:\/\/modalisboa.pt\/wp-content\/uploads\/2023\/01\/modalisboa28_05-480x320.jpg 480w\" sizes=\"(min-width: 0px) and (max-width: 480px) 480px, (min-width: 481px) and (max-width: 980px) 980px, (min-width: 981px) and (max-width: 1280px) 1280px, (min-width: 1281px) 1400px, 100vw\" width=\"1400\" height=\"934\" \/>\n                            \n                        <\/div>\n                    <\/a>\n                <\/div><div class=\"grid-item\">\n                    <a href=\"https:\/\/modalisboa.pt\/wp-content\/uploads\/2023\/01\/modalisboa28_06.jpg\"  data-title='modalisboa28_06'  data-caption='' data-mfp-src=\"https:\/\/modalisboa.pt\/wp-content\/uploads\/2023\/01\/modalisboa28_06.jpg\">\n                        <div class=\"et_pb_image_wrap\">\n                            <img loading=\"lazy\" decoding=\"async\" src=\"https:\/\/modalisboa.pt\/wp-content\/uploads\/2023\/01\/modalisboa28_06.jpg\" title=\"modalisboa28_06\" alt=\"\" class=\"dsm-skip-lazyload\" srcset=\"https:\/\/modalisboa.pt\/wp-content\/uploads\/2023\/01\/modalisboa28_06.jpg 1400w, https:\/\/modalisboa.pt\/wp-content\/uploads\/2023\/01\/modalisboa28_06-1280x854.jpg 1280w, https:\/\/modalisboa.pt\/wp-content\/uploads\/2023\/01\/modalisboa28_06-980x654.jpg 980w, https:\/\/modalisboa.pt\/wp-content\/uploads\/2023\/01\/modalisboa28_06-480x320.jpg 480w\" sizes=\"(min-width: 0px) and (max-width: 480px) 480px, (min-width: 481px) and (max-width: 980px) 980px, (min-width: 981px) and (max-width: 1280px) 1280px, (min-width: 1281px) 1400px, 100vw\" width=\"1400\" height=\"934\" \/>\n                            \n                        <\/div>\n                    <\/a>\n                <\/div><div class=\"grid-item\">\n                    <a href=\"https:\/\/modalisboa.pt\/wp-content\/uploads\/2023\/01\/modalisboa28_07.jpg\"  data-title='modalisboa28_07'  data-caption='' data-mfp-src=\"https:\/\/modalisboa.pt\/wp-content\/uploads\/2023\/01\/modalisboa28_07.jpg\">\n                        <div class=\"et_pb_image_wrap\">\n                            <img loading=\"lazy\" decoding=\"async\" src=\"https:\/\/modalisboa.pt\/wp-content\/uploads\/2023\/01\/modalisboa28_07.jpg\" title=\"modalisboa28_07\" alt=\"\" class=\"dsm-skip-lazyload\" srcset=\"https:\/\/modalisboa.pt\/wp-content\/uploads\/2023\/01\/modalisboa28_07.jpg 1400w, https:\/\/modalisboa.pt\/wp-content\/uploads\/2023\/01\/modalisboa28_07-1280x854.jpg 1280w, https:\/\/modalisboa.pt\/wp-content\/uploads\/2023\/01\/modalisboa28_07-980x654.jpg 980w, https:\/\/modalisboa.pt\/wp-content\/uploads\/2023\/01\/modalisboa28_07-480x320.jpg 480w\" sizes=\"(min-width: 0px) and (max-width: 480px) 480px, (min-width: 481px) and (max-width: 980px) 980px, (min-width: 981px) and (max-width: 1280px) 1280px, (min-width: 1281px) 1400px, 100vw\" width=\"1400\" height=\"934\" \/>\n                            \n                        <\/div>\n                    <\/a>\n                <\/div><div class=\"grid-item\">\n                    <a href=\"https:\/\/modalisboa.pt\/wp-content\/uploads\/2023\/01\/modalisboa28_08.jpg\"  data-title='modalisboa28_08'  data-caption='' data-mfp-src=\"https:\/\/modalisboa.pt\/wp-content\/uploads\/2023\/01\/modalisboa28_08.jpg\">\n                        <div class=\"et_pb_image_wrap\">\n                            <img loading=\"lazy\" decoding=\"async\" src=\"https:\/\/modalisboa.pt\/wp-content\/uploads\/2023\/01\/modalisboa28_08.jpg\" title=\"modalisboa28_08\" alt=\"\" class=\"dsm-skip-lazyload\" srcset=\"https:\/\/modalisboa.pt\/wp-content\/uploads\/2023\/01\/modalisboa28_08.jpg 1400w, https:\/\/modalisboa.pt\/wp-content\/uploads\/2023\/01\/modalisboa28_08-1280x854.jpg 1280w, https:\/\/modalisboa.pt\/wp-content\/uploads\/2023\/01\/modalisboa28_08-980x654.jpg 980w, https:\/\/modalisboa.pt\/wp-content\/uploads\/2023\/01\/modalisboa28_08-480x320.jpg 480w\" sizes=\"(min-width: 0px) and (max-width: 480px) 480px, (min-width: 481px) and (max-width: 980px) 980px, (min-width: 981px) and (max-width: 1280px) 1280px, (min-width: 1281px) 1400px, 100vw\" width=\"1400\" height=\"934\" \/>\n                            \n                        <\/div>\n                    <\/a>\n                <\/div>\n             <\/div>\n\t\t\t\t<\/div>\n\t\t\t<\/div><\/p>\n","protected":false},"author":2,"featured_media":0,"comment_status":"closed","ping_status":"closed","sticky":false,"template":"","format":"standard","meta":{"_acf_changed":false,"_et_pb_use_builder":"on","_et_pb_old_content":"","_et_gb_content_width":"","inline_featured_image":false,"footnotes":""},"categories":[133],"tags":[],"class_list":["post-8050","post","type-post","status-publish","format-standard","hentry","category-editions","cat_ID-133"],"acf":[],"_links":{"self":[{"href":"https:\/\/modalisboa.pt\/en\/wp-json\/wp\/v2\/posts\/8050","targetHints":{"allow":["GET"]}}],"collection":[{"href":"https:\/\/modalisboa.pt\/en\/wp-json\/wp\/v2\/posts"}],"about":[{"href":"https:\/\/modalisboa.pt\/en\/wp-json\/wp\/v2\/types\/post"}],"author":[{"embeddable":true,"href":"https:\/\/modalisboa.pt\/en\/wp-json\/wp\/v2\/users\/2"}],"replies":[{"embeddable":true,"href":"https:\/\/modalisboa.pt\/en\/wp-json\/wp\/v2\/comments?post=8050"}],"version-history":[{"count":3,"href":"https:\/\/modalisboa.pt\/en\/wp-json\/wp\/v2\/posts\/8050\/revisions"}],"predecessor-version":[{"id":22238,"href":"https:\/\/modalisboa.pt\/en\/wp-json\/wp\/v2\/posts\/8050\/revisions\/22238"}],"wp:attachment":[{"href":"https:\/\/modalisboa.pt\/en\/wp-json\/wp\/v2\/media?parent=8050"}],"wp:term":[{"taxonomy":"category","embeddable":true,"href":"https:\/\/modalisboa.pt\/en\/wp-json\/wp\/v2\/categories?post=8050"},{"taxonomy":"post_tag","embeddable":true,"href":"https:\/\/modalisboa.pt\/en\/wp-json\/wp\/v2\/tags?post=8050"}],"curies":[{"name":"wp","href":"https:\/\/api.w.org\/{rel}","templated":true}]}}